{"id":8071,"date":"2024-10-31T12:46:00","date_gmt":"2024-10-31T16:46:00","guid":{"rendered":"https:\/\/jornaloalvorada.com.br\/site\/?p=8071"},"modified":"2024-10-31T14:47:59","modified_gmt":"2024-10-31T18:47:59","slug":"rones-visita-alems-e-cobra-melhorias-para-nova-alvorada-do-sul","status":"publish","type":"post","link":"https:\/\/jornaloalvorada.com.br\/site\/2024\/10\/31\/rones-visita-alems-e-cobra-melhorias-para-nova-alvorada-do-sul\/","title":{"rendered":"Rones visita ALEMS e cobra melhorias para Nova Alvorada do Sul"},"content":{"rendered":"\n<p>Rones Cezar Leal, vereador eleito pelo PSDB em Nova Alvorada do Sul, destaca-se pela sua trajet\u00f3ria de jornalismo comunit\u00e1rio e pelo compromisso em atuar em favor da popula\u00e7\u00e3o. Embora sua posse esteja marcada para 2025, Rones segue com determina\u00e7\u00e3o em enfrentar as demandas da comunidade.<\/p>\n\n\n\n<p>Nesta ter\u00e7a-feira, 29 de outubro, ele visitou a Assembleia Legislativa de Mato Grosso do Sul (ALEMS), em Campo Grande, para discutir quest\u00f5es essenciais, como a deteriora\u00e7\u00e3o da Avenida Irineu de Souza Ara\u00fajo.<\/p>\n\n\n\n<p><em><strong>\u201cTratamos v\u00e1rios assuntos, dentre eles a situa\u00e7\u00e3o da Avenida Irineu de Souza Ara\u00fajo, que est\u00e1 deteriorada. Foi cobrado, junto \u00e0 deputada Mara Caseiro, investimentos na via importante em Nova Alvorada do Sul\u201d, afirmou.<\/strong><\/em><\/p>\n\n\n\n<p>Al\u00e9m disso, Rones abordou um tema de grande relev\u00e2ncia para a popula\u00e7\u00e3o: a situa\u00e7\u00e3o da CCR MS Via. Ele n\u00e3o hesitou em criticar a atual condi\u00e7\u00e3o da BR-163, classificando-a de \u201cvergonhosa\u201d devido \u00e0 falta de duplica\u00e7\u00e3o e aos altos custos do ped\u00e1gio. <strong>\u201cSem duplica\u00e7\u00e3o, ped\u00e1gio n\u00e3o\u201d, reafirmou.<\/strong><\/p>\n\n\n\n<p>Ele reafirma que, independentemente de mandato, sua miss\u00e3o \u00e9 melhorar a qualidade de vida da popula\u00e7\u00e3o. <em>\u201cEu gosto de ver a popula\u00e7\u00e3o bem, com qualidade de vida. O trabalho continua\u201d, declarou.<\/em><\/p>\n\n\n\n<p>O vereador eleito tamb\u00e9m enfatizou a import\u00e2ncia do di\u00e1logo com o poder executivo estadual. <em>\u201cO di\u00e1logo \u00e9 fundamental para avan\u00e7armos. Nosso objetivo \u00e9 garantir que a popula\u00e7\u00e3o seja a principal beneficiada. Iremos buscar recursos e estabelecer parcerias com o Governo do Estado, sempre em defesa dos interesses de Nova Alvorada do Sul e das necessidades de nossos cidad\u00e3os\u201d,<\/em> finalizou.<\/p>\n\n\n\n<p><strong><em>Fonte: Alvorada Informa<\/em><\/strong><\/p>\n","protected":false},"excerpt":{"rendered":"<p>Rones Cezar Leal, vereador eleito pelo PSDB em Nova Alvorada do Sul, destaca-se pela sua trajet\u00f3ria de jornalismo comunit\u00e1rio e<\/p>\n","protected":false},"author":1,"featured_media":8072,"comment_status":"open","ping_status":"open","sticky":false,"template":"","format":"standard","meta":{"footnotes":""},"categories":[2],"tags":[],"class_list":["post-8071","post","type-post","status-publish","format-standard","has-post-thumbnail","hentry","category-noticias"],"_links":{"self":[{"href":"https:\/\/jornaloalvorada.com.br\/site\/wp-json\/wp\/v2\/posts\/8071","targetHints":{"allow":["GET"]}}],"collection":[{"href":"https:\/\/jornaloalvorada.com.br\/site\/wp-json\/wp\/v2\/posts"}],"about":[{"href":"https:\/\/jornaloalvorada.com.br\/site\/wp-json\/wp\/v2\/types\/post"}],"author":[{"embeddable":true,"href":"https:\/\/jornaloalvorada.com.br\/site\/wp-json\/wp\/v2\/users\/1"}],"replies":[{"embeddable":true,"href":"https:\/\/jornaloalvorada.com.br\/site\/wp-json\/wp\/v2\/comments?post=8071"}],"version-history":[{"count":1,"href":"https:\/\/jornaloalvorada.com.br\/site\/wp-json\/wp\/v2\/posts\/8071\/revisions"}],"predecessor-version":[{"id":8073,"href":"https:\/\/jornaloalvorada.com.br\/site\/wp-json\/wp\/v2\/posts\/8071\/revisions\/8073"}],"wp:featuredmedia":[{"embeddable":true,"href":"https:\/\/jornaloalvorada.com.br\/site\/wp-json\/wp\/v2\/media\/8072"}],"wp:attachment":[{"href":"https:\/\/jornaloalvorada.com.br\/site\/wp-json\/wp\/v2\/media?parent=8071"}],"wp:term":[{"taxonomy":"category","embeddable":true,"href":"https:\/\/jornaloalvorada.com.br\/site\/wp-json\/wp\/v2\/categories?post=8071"},{"taxonomy":"post_tag","embeddable":true,"href":"https:\/\/jornaloalvorada.com.br\/site\/wp-json\/wp\/v2\/tags?post=8071"}],"curies":[{"name":"wp","href":"https:\/\/api.w.org\/{rel}","templated":true}]}}