{"id":8060,"date":"2024-10-31T14:39:47","date_gmt":"2024-10-31T18:39:47","guid":{"rendered":"https:\/\/jornaloalvorada.com.br\/site\/?p=8060"},"modified":"2024-10-31T14:40:51","modified_gmt":"2024-10-31T18:40:51","slug":"implantacao-de-rampas-de-acessibilidade-no-bairro-maria-de-lourdes","status":"publish","type":"post","link":"https:\/\/jornaloalvorada.com.br\/site\/2024\/10\/31\/implantacao-de-rampas-de-acessibilidade-no-bairro-maria-de-lourdes\/","title":{"rendered":"Implanta\u00e7\u00e3o de Rampas de Acessibilidade no Bairro Maria de Lourdes"},"content":{"rendered":"\n<p>A Prefeitura iniciou a implanta\u00e7\u00e3o de rampas de acessibilidade nas vias que receberam pavimenta\u00e7\u00e3o asf\u00e1ltica do bairro Maria de Lourdes. Nesta etapa, a empresa respons\u00e1vel est\u00e1 realizando a limpeza, cal\u00e7amento e sinaliza\u00e7\u00e3o das rampas.<\/p>\n\n\n\n<p>Ser\u00e1 realizada tamb\u00e9m a abertura dos bueiros nas vias j\u00e1 pavimentadas e com tubula\u00e7\u00e3o instalada para o escoamento adequado de \u00e1gua e a preserva\u00e7\u00e3o da pavimenta\u00e7\u00e3o.<\/p>\n\n\n\n<p>A Prefeitura refor\u00e7a o compromisso com a acessibilidade e a qualidade de vida da popula\u00e7\u00e3o!<\/p>\n\n\n\n<figure class=\"wp-block-image size-large\"><img loading=\"lazy\" decoding=\"async\" width=\"1024\" height=\"768\" src=\"https:\/\/jornaloalvorada.com.br\/site\/wp-content\/uploads\/2024\/10\/465181493_865998072320985_4797786342011364391_n-1024x768.jpg\" alt=\"\" class=\"wp-image-8063\" srcset=\"https:\/\/jornaloalvorada.com.br\/site\/wp-content\/uploads\/2024\/10\/465181493_865998072320985_4797786342011364391_n-1024x768.jpg 1024w, https:\/\/jornaloalvorada.com.br\/site\/wp-content\/uploads\/2024\/10\/465181493_865998072320985_4797786342011364391_n-300x225.jpg 300w, https:\/\/jornaloalvorada.com.br\/site\/wp-content\/uploads\/2024\/10\/465181493_865998072320985_4797786342011364391_n-768x576.jpg 768w, https:\/\/jornaloalvorada.com.br\/site\/wp-content\/uploads\/2024\/10\/465181493_865998072320985_4797786342011364391_n-1536x1152.jpg 1536w, https:\/\/jornaloalvorada.com.br\/site\/wp-content\/uploads\/2024\/10\/465181493_865998072320985_4797786342011364391_n.jpg 2048w\" sizes=\"auto, (max-width: 1024px) 100vw, 1024px\" \/><\/figure>\n\n\n\n<figure class=\"wp-block-image size-large\"><img loading=\"lazy\" decoding=\"async\" width=\"1024\" height=\"768\" src=\"https:\/\/jornaloalvorada.com.br\/site\/wp-content\/uploads\/2024\/10\/465179176_865998338987625_7145779053105402974_n-1024x768.jpg\" alt=\"\" class=\"wp-image-8065\" srcset=\"https:\/\/jornaloalvorada.com.br\/site\/wp-content\/uploads\/2024\/10\/465179176_865998338987625_7145779053105402974_n-1024x768.jpg 1024w, https:\/\/jornaloalvorada.com.br\/site\/wp-content\/uploads\/2024\/10\/465179176_865998338987625_7145779053105402974_n-300x225.jpg 300w, https:\/\/jornaloalvorada.com.br\/site\/wp-content\/uploads\/2024\/10\/465179176_865998338987625_7145779053105402974_n-768x576.jpg 768w, https:\/\/jornaloalvorada.com.br\/site\/wp-content\/uploads\/2024\/10\/465179176_865998338987625_7145779053105402974_n-1536x1152.jpg 1536w, https:\/\/jornaloalvorada.com.br\/site\/wp-content\/uploads\/2024\/10\/465179176_865998338987625_7145779053105402974_n.jpg 2048w\" sizes=\"auto, (max-width: 1024px) 100vw, 1024px\" \/><\/figure>\n\n\n\n<figure class=\"wp-block-image size-large\"><img loading=\"lazy\" decoding=\"async\" width=\"1024\" height=\"768\" src=\"https:\/\/jornaloalvorada.com.br\/site\/wp-content\/uploads\/2024\/10\/465134591_865998085654317_3188555117092119303_n-1024x768.jpg\" alt=\"\" class=\"wp-image-8066\" srcset=\"https:\/\/jornaloalvorada.com.br\/site\/wp-content\/uploads\/2024\/10\/465134591_865998085654317_3188555117092119303_n-1024x768.jpg 1024w, https:\/\/jornaloalvorada.com.br\/site\/wp-content\/uploads\/2024\/10\/465134591_865998085654317_3188555117092119303_n-300x225.jpg 300w, https:\/\/jornaloalvorada.com.br\/site\/wp-content\/uploads\/2024\/10\/465134591_865998085654317_3188555117092119303_n-768x576.jpg 768w, https:\/\/jornaloalvorada.com.br\/site\/wp-content\/uploads\/2024\/10\/465134591_865998085654317_3188555117092119303_n-1536x1152.jpg 1536w, https:\/\/jornaloalvorada.com.br\/site\/wp-content\/uploads\/2024\/10\/465134591_865998085654317_3188555117092119303_n.jpg 2048w\" sizes=\"auto, (max-width: 1024px) 100vw, 1024px\" \/><\/figure>\n","protected":false},"excerpt":{"rendered":"<p>A Prefeitura iniciou a implanta\u00e7\u00e3o de rampas de acessibilidade nas vias que receberam pavimenta\u00e7\u00e3o asf\u00e1ltica do bairro Maria de Lourdes.<\/p>\n","protected":false},"author":1,"featured_media":8061,"comment_status":"open","ping_status":"open","sticky":false,"template":"","format":"standard","meta":{"footnotes":""},"categories":[2],"tags":[],"class_list":["post-8060","post","type-post","status-publish","format-standard","has-post-thumbnail","hentry","category-noticias"],"_links":{"self":[{"href":"https:\/\/jornaloalvorada.com.br\/site\/wp-json\/wp\/v2\/posts\/8060","targetHints":{"allow":["GET"]}}],"collection":[{"href":"https:\/\/jornaloalvorada.com.br\/site\/wp-json\/wp\/v2\/posts"}],"about":[{"href":"https:\/\/jornaloalvorada.com.br\/site\/wp-json\/wp\/v2\/types\/post"}],"author":[{"embeddable":true,"href":"https:\/\/jornaloalvorada.com.br\/site\/wp-json\/wp\/v2\/users\/1"}],"replies":[{"embeddable":true,"href":"https:\/\/jornaloalvorada.com.br\/site\/wp-json\/wp\/v2\/comments?post=8060"}],"version-history":[{"count":2,"href":"https:\/\/jornaloalvorada.com.br\/site\/wp-json\/wp\/v2\/posts\/8060\/revisions"}],"predecessor-version":[{"id":8067,"href":"https:\/\/jornaloalvorada.com.br\/site\/wp-json\/wp\/v2\/posts\/8060\/revisions\/8067"}],"wp:featuredmedia":[{"embeddable":true,"href":"https:\/\/jornaloalvorada.com.br\/site\/wp-json\/wp\/v2\/media\/8061"}],"wp:attachment":[{"href":"https:\/\/jornaloalvorada.com.br\/site\/wp-json\/wp\/v2\/media?parent=8060"}],"wp:term":[{"taxonomy":"category","embeddable":true,"href":"https:\/\/jornaloalvorada.com.br\/site\/wp-json\/wp\/v2\/categories?post=8060"},{"taxonomy":"post_tag","embeddable":true,"href":"https:\/\/jornaloalvorada.com.br\/site\/wp-json\/wp\/v2\/tags?post=8060"}],"curies":[{"name":"wp","href":"https:\/\/api.w.org\/{rel}","templated":true}]}}