{"id":8033,"date":"2024-10-31T10:40:12","date_gmt":"2024-10-31T14:40:12","guid":{"rendered":"https:\/\/jornaloalvorada.com.br\/site\/?p=8033"},"modified":"2024-10-31T10:40:14","modified_gmt":"2024-10-31T14:40:14","slug":"enem-2024-confira-documentos-aceitos-nos-dois-dias-de-provas","status":"publish","type":"post","link":"https:\/\/jornaloalvorada.com.br\/site\/2024\/10\/31\/enem-2024-confira-documentos-aceitos-nos-dois-dias-de-provas\/","title":{"rendered":"Enem 2024: confira documentos aceitos nos dois dias de provas"},"content":{"rendered":"\n<p>Os participantes&nbsp;brasileiros do Exame Nacional do Ensino M\u00e9dio (Enem) de 2024 devem levar ao local das provas indicado no <a target=\"_blank\" rel=\"noreferrer noopener\">Cart\u00e3o de Confirma\u00e7\u00e3o da Inscri\u00e7\u00e3o<\/a>&nbsp;um documento v\u00e1lido com foto para identifica\u00e7\u00e3o \u2013 impressos ou&nbsp;digitais, emitido por \u00f3rg\u00e3os brasileiros, como a carteira de identidade, a Carteira de Trabalho e Previd\u00eancia Social (CTPS). &nbsp;As provas do Enem 2024 ser\u00e3o realizadas nos dias 3 e 10 de novembro.<img decoding=\"async\" src=\"https:\/\/agenciabrasil.ebc.com.br\/ebc.png?id=1617729&amp;o=node\"><img decoding=\"async\" src=\"https:\/\/agenciabrasil.ebc.com.br\/ebc.gif?id=1617729&amp;o=node\"><\/p>\n\n\n\n<p>Os <a href=\"https:\/\/www.instagram.com\/p\/DBlixtCp1Vd\/?hl=pt-br\" target=\"_blank\" rel=\"noreferrer noopener\">documentos<\/a> podem ser apresentados no formato digital no pr\u00f3prio celular do candidato pelo aplicativo oficial do documento, como Carteira de Identidade Nacional (CIN), RG digital; o e-T\u00edtulo, que \u00e9 a via digital do t\u00edtulo eleitoral; a CNH digital \u2013 vers\u00e3o digital da Carteira Nacional de Habilita\u00e7\u00e3o; ou no app Gov.br, na sess\u00e3o&nbsp;Meus Documentos.<\/p>\n\n\n\n<p>Se for apresentada a vers\u00e3o digital, o candidato deve verificar com anteced\u00eancia se o aplicativo est\u00e1 atualizado e funcionando corretamente para evitar contratempos nos dias das provas.<\/p>\n\n\n\n<p>Para o participante estrangeiro acessar a sala de aplica\u00e7\u00e3o das provas&nbsp;\u00e9 obrigat\u00f3ria a apresenta\u00e7\u00e3o de um dos documentos de identifica\u00e7\u00e3o oficial e original com foto, como passaporte e identidade expedida pelo Minist\u00e9rio da Justi\u00e7a e Seguran\u00e7a P\u00fablica (MJSP) para estrangeiros, inclusive aqueles reconhecidos como refugiados, entre outros documentos.<\/p>\n\n\n\n<p>Sem documento de identifica\u00e7\u00e3o, o Instituto Nacional de Estudos e Pesquisas Educacionais An\u00edsio Teixeira (Inep) avisa que o participante n\u00e3o poder\u00e1 permanecer no local de aplica\u00e7\u00e3o das provas.<\/p>\n\n\n\n<h2 class=\"wp-block-heading\">Situa\u00e7\u00f5es<\/h2>\n\n\n\n<p>Em caso de perda ou extravio de documentos f\u00edsicos, o boletim de ocorr\u00eancia (B.O.) expedido por \u00f3rg\u00e3o policial n\u00e3o ser\u00e1 mais aceito, diferentemente de edi\u00e7\u00f5es anteriores, com o objetivo de garantir mais seguran\u00e7a ao exame. Nessas situa\u00e7\u00f5es, ser\u00e1 necess\u00e1rio apresentar uma vers\u00e3o digital dos documentos aceitos ou de outro documento de identidade com foto v\u00e1lido.<\/p>\n\n\n\n<p>C\u00f3pias de documentos v\u00e1lidos, mesmo que autenticadas, fotos de documentos digitais apresentadas fora de seus aplicativos oficiais ou que n\u00e3o tenham foto n\u00e3o ser\u00e3o aceitos pelo fiscal de sala.<\/p>\n\n\n\n<p>De acordo com o edital do Enem 2024, o participante que apresentar a via original do documento oficial de identifica\u00e7\u00e3o danificada, ileg\u00edvel, com fisionomia diferente que n\u00e3o permita a completa identifica\u00e7\u00e3o dos seus caracteres essenciais ou de sua assinatura poder\u00e1 prestar as provas, desde que se submeta \u00e0 identifica\u00e7\u00e3o especial.<\/p>\n\n\n\n<p>Nessa situa\u00e7\u00e3o, um colaborador contratado para trabalhar no dia da aplica\u00e7\u00e3o da prova do Enem dever\u00e1 fazer a coleta de informa\u00e7\u00f5es pessoais e a captura de foto da face do participante e do documento de identifica\u00e7\u00e3o apresentado, nas depend\u00eancias f\u00edsicas onde ser\u00e1 realizado o exame.<\/p>\n\n\n\n<p>Em caso de o participante usar m\u00e1scara de prote\u00e7\u00e3o \u00e0 doen\u00e7a infectocontagiosa, ser\u00e1 necess\u00e1ria a retirada do item do rosto para identifica\u00e7\u00e3o.<\/p>\n\n\n\n<h2 class=\"wp-block-heading\">Documentos v\u00e1lidos<\/h2>\n\n\n\n<p>O Inep considera a lista abaixo de documentos v\u00e1lidos para identifica\u00e7\u00e3o do participante brasileiro:<\/p>\n\n\n\n<figure class=\"wp-block-image\"><img decoding=\"async\" src=\"https:\/\/agenciabrasil.ebc.com.br\/sites\/default\/files\/thumbnails\/image\/loading_v2.gif\" alt=\"Documentos aceitos\" title=\"Arte\/EBC\"\/><\/figure>\n\n\n\n<p>Documentos aceitos &#8211; <strong>Arte\/EBC<\/strong><\/p>\n\n\n\n<p>N\u00e3o ser\u00e3o aceitas as seguintes apresenta\u00e7\u00f5es de documentos.<\/p>\n\n\n\n<figure class=\"wp-block-image\"><img decoding=\"async\" src=\"https:\/\/agenciabrasil.ebc.com.br\/sites\/default\/files\/thumbnails\/image\/loading_v2.gif\" alt=\"Documentos n\u00e3o aceitos\" title=\"Arte\/EBC\"\/><\/figure>\n\n\n\n<p>Documentos n\u00e3o aceitos &#8211; <strong>Arte\/EBC<\/strong><\/p>\n\n\n\n<h2 class=\"wp-block-heading\">Servi\u00e7o<\/h2>\n\n\n\n<p>Os port\u00f5es de acesso aos locais de aplica\u00e7\u00e3o ser\u00e3o&nbsp;abertos \u00e0s 12h e fechados \u00e0s 13h.&nbsp;A aplica\u00e7\u00e3o das provas ter\u00e1 in\u00edcio \u00e0s 13h30.<\/p>\n\n\n\n<p>Os participantes regulares do Enem ter\u00e3o cinco horas e 30 minutos&nbsp;no primeiro dia de provas. A aplica\u00e7\u00e3o do exame termina \u00e0s 19h (hor\u00e1rio de Bras\u00edlia). Quem solicitou tempo adicional e teve o pedido aprovado pelo Inep poder\u00e1 concluir as provas at\u00e9 as 20h.&nbsp;A dura\u00e7\u00e3o regular do segundo dia de provas ter\u00e1 cinco horas.<\/p>\n\n\n\n<p>Confira abaixo as mat\u00e9rias cobradas em cada um dos dois domingos do Enem 2024.<\/p>\n\n\n\n<figure class=\"wp-block-image\"><img decoding=\"async\" src=\"https:\/\/agenciabrasil.ebc.com.br\/sites\/default\/files\/thumbnails\/image\/loading_v2.gif\" alt=\"Bras\u00edlia (DF), 25\/10\/2024 - Arte para a mat\u00e9ria Provas do primeiro dia do Enem 2024. Arte\/Ag\u00eancia Brasil\" title=\"Arte\/Ag\u00eancia Brasil\"\/><\/figure>\n\n\n\n<figure class=\"wp-block-image\"><img decoding=\"async\" src=\"https:\/\/agenciabrasil.ebc.com.br\/sites\/default\/files\/thumbnails\/image\/loading_v2.gif\" alt=\"Bras\u00edlia (DF), 25\/10\/2024 - Arte para a mat\u00e9ria Provas do segundo dia do Enem 2024. Arte\/Ag\u00eancia Brasil\" title=\"Arte\/Ag\u00eancia Brasil\"\/><\/figure>\n\n\n\n<p>Institu\u00eddo em 1998, o Exame Nacional do Ensino M\u00e9dio avalia o desempenho escolar dos estudantes ao t\u00e9rmino do ensino m\u00e9dio. Os participantes que ainda n\u00e3o conclu\u00edram o ensino m\u00e9dio podem participar como treineiros, e os resultados obtidos no exame servem somente para autoavalia\u00e7\u00e3o de conhecimentos.<\/p>\n\n\n\n<p>As notas do Enem podem ser usadas em processos seletivos coordenados pelo Minist\u00e9rio da Educa\u00e7\u00e3o, como Sistema de Sele\u00e7\u00e3o Unificada (Sisu), o Programa Universidade para Todos (ProUni) e o Fundo de Financiamento ao Estudante do Ensino Superior (Fies) do governo federal.<\/p>\n\n\n\n<p>O desempenho no Enem tamb\u00e9m \u00e9 considerado para ingresso em institui\u00e7\u00f5es de educa\u00e7\u00e3o superior de Portugal que t\u00eam acordo com o Inep. Os acordos garantem acesso facilitado \u00e0s notas dos estudantes brasileiros interessados em cursar a educa\u00e7\u00e3o superior naquele pa\u00eds.<\/p>\n\n\n\n<p><strong><em>Fonte: Ag\u00eancia Brasil<\/em><\/strong><\/p>\n","protected":false},"excerpt":{"rendered":"<p>Os participantes&nbsp;brasileiros do Exame Nacional do Ensino M\u00e9dio (Enem) de 2024 devem levar ao local das provas indicado no Cart\u00e3o<\/p>\n","protected":false},"author":1,"featured_media":8034,"comment_status":"open","ping_status":"open","sticky":false,"template":"","format":"standard","meta":{"footnotes":""},"categories":[2],"tags":[],"class_list":["post-8033","post","type-post","status-publish","format-standard","has-post-thumbnail","hentry","category-noticias"],"_links":{"self":[{"href":"https:\/\/jornaloalvorada.com.br\/site\/wp-json\/wp\/v2\/posts\/8033","targetHints":{"allow":["GET"]}}],"collection":[{"href":"https:\/\/jornaloalvorada.com.br\/site\/wp-json\/wp\/v2\/posts"}],"about":[{"href":"https:\/\/jornaloalvorada.com.br\/site\/wp-json\/wp\/v2\/types\/post"}],"author":[{"embeddable":true,"href":"https:\/\/jornaloalvorada.com.br\/site\/wp-json\/wp\/v2\/users\/1"}],"replies":[{"embeddable":true,"href":"https:\/\/jornaloalvorada.com.br\/site\/wp-json\/wp\/v2\/comments?post=8033"}],"version-history":[{"count":1,"href":"https:\/\/jornaloalvorada.com.br\/site\/wp-json\/wp\/v2\/posts\/8033\/revisions"}],"predecessor-version":[{"id":8035,"href":"https:\/\/jornaloalvorada.com.br\/site\/wp-json\/wp\/v2\/posts\/8033\/revisions\/8035"}],"wp:featuredmedia":[{"embeddable":true,"href":"https:\/\/jornaloalvorada.com.br\/site\/wp-json\/wp\/v2\/media\/8034"}],"wp:attachment":[{"href":"https:\/\/jornaloalvorada.com.br\/site\/wp-json\/wp\/v2\/media?parent=8033"}],"wp:term":[{"taxonomy":"category","embeddable":true,"href":"https:\/\/jornaloalvorada.com.br\/site\/wp-json\/wp\/v2\/categories?post=8033"},{"taxonomy":"post_tag","embeddable":true,"href":"https:\/\/jornaloalvorada.com.br\/site\/wp-json\/wp\/v2\/tags?post=8033"}],"curies":[{"name":"wp","href":"https:\/\/api.w.org\/{rel}","templated":true}]}}