{"id":8009,"date":"2024-10-30T13:24:09","date_gmt":"2024-10-30T17:24:09","guid":{"rendered":"https:\/\/jornaloalvorada.com.br\/site\/?p=8009"},"modified":"2024-10-30T13:24:11","modified_gmt":"2024-10-30T17:24:11","slug":"prefeitura-realiza-mais-uma-etapa-da-pavimentacao-asfaltica-no-bairro-jaime-medeiros","status":"publish","type":"post","link":"https:\/\/jornaloalvorada.com.br\/site\/2024\/10\/30\/prefeitura-realiza-mais-uma-etapa-da-pavimentacao-asfaltica-no-bairro-jaime-medeiros\/","title":{"rendered":"Prefeitura realiza mais uma etapa da pavimenta\u00e7\u00e3o asf\u00e1ltica no bairro Jaime Medeiros"},"content":{"rendered":"\n<p>Mais uma etapa de pavimenta\u00e7\u00e3o asf\u00e1ltica no bairro Jaime Medeiros na manh\u00e3 desta quarta-feira (30).<\/p>\n\n\n\n<iframe loading=\"lazy\" src=\"https:\/\/www.facebook.com\/plugins\/video.php?height=314&#038;href=https%3A%2F%2Fwww.facebook.com%2Fprefeituramunicipaldenovaalvoradadosul%2Fvideos%2F1570812867156680%2F&#038;show_text=false&#038;width=560&#038;t=0\" width=\"560\" height=\"314\" style=\"border:none;overflow:hidden\" scrolling=\"no\" frameborder=\"0\" allowfullscreen=\"true\" allow=\"autoplay; clipboard-write; encrypted-media; picture-in-picture; web-share\" allowFullScreen=\"true\"><\/iframe>\n","protected":false},"excerpt":{"rendered":"<p>Mais uma etapa de pavimenta\u00e7\u00e3o asf\u00e1ltica no bairro Jaime Medeiros na manh\u00e3 desta quarta-feira (30).<\/p>\n","protected":false},"author":1,"featured_media":8010,"comment_status":"open","ping_status":"open","sticky":false,"template":"","format":"standard","meta":{"footnotes":""},"categories":[2],"tags":[],"class_list":["post-8009","post","type-post","status-publish","format-standard","has-post-thumbnail","hentry","category-noticias"],"_links":{"self":[{"href":"https:\/\/jornaloalvorada.com.br\/site\/wp-json\/wp\/v2\/posts\/8009","targetHints":{"allow":["GET"]}}],"collection":[{"href":"https:\/\/jornaloalvorada.com.br\/site\/wp-json\/wp\/v2\/posts"}],"about":[{"href":"https:\/\/jornaloalvorada.com.br\/site\/wp-json\/wp\/v2\/types\/post"}],"author":[{"embeddable":true,"href":"https:\/\/jornaloalvorada.com.br\/site\/wp-json\/wp\/v2\/users\/1"}],"replies":[{"embeddable":true,"href":"https:\/\/jornaloalvorada.com.br\/site\/wp-json\/wp\/v2\/comments?post=8009"}],"version-history":[{"count":1,"href":"https:\/\/jornaloalvorada.com.br\/site\/wp-json\/wp\/v2\/posts\/8009\/revisions"}],"predecessor-version":[{"id":8011,"href":"https:\/\/jornaloalvorada.com.br\/site\/wp-json\/wp\/v2\/posts\/8009\/revisions\/8011"}],"wp:featuredmedia":[{"embeddable":true,"href":"https:\/\/jornaloalvorada.com.br\/site\/wp-json\/wp\/v2\/media\/8010"}],"wp:attachment":[{"href":"https:\/\/jornaloalvorada.com.br\/site\/wp-json\/wp\/v2\/media?parent=8009"}],"wp:term":[{"taxonomy":"category","embeddable":true,"href":"https:\/\/jornaloalvorada.com.br\/site\/wp-json\/wp\/v2\/categories?post=8009"},{"taxonomy":"post_tag","embeddable":true,"href":"https:\/\/jornaloalvorada.com.br\/site\/wp-json\/wp\/v2\/tags?post=8009"}],"curies":[{"name":"wp","href":"https:\/\/api.w.org\/{rel}","templated":true}]}}