{"id":8007,"date":"2024-10-30T13:21:30","date_gmt":"2024-10-30T17:21:30","guid":{"rendered":"https:\/\/jornaloalvorada.com.br\/site\/?p=8007"},"modified":"2024-10-30T13:21:32","modified_gmt":"2024-10-30T17:21:32","slug":"com-contas-reprovadas-pelo-tce-camara-municipal-ira-decidir-futuro-de-ex-prefeito-arlei-barbosa","status":"publish","type":"post","link":"https:\/\/jornaloalvorada.com.br\/site\/2024\/10\/30\/com-contas-reprovadas-pelo-tce-camara-municipal-ira-decidir-futuro-de-ex-prefeito-arlei-barbosa\/","title":{"rendered":"Com contas reprovadas pelo TCE, c\u00e2mara municipal ir\u00e1 decidir futuro de ex-prefeito Arlei Barbosa"},"content":{"rendered":"\n<p>A C\u00e2mara Municipal de Nova Alvorada do Sul ter\u00e1 at\u00e9 o final de dezembro para julgar a presta\u00e7\u00e3o de contas do ex-prefeito Arlei Barbosa referente ao exerc\u00edcio do ano de 2018. As contas foram reprovadas pelo Tribunal de Contas do Estado de Mato Grosso do Sul (TCE\/MS), e a decis\u00e3o encontra-se agora sob an\u00e1lise da Comiss\u00e3o de Finan\u00e7as e Or\u00e7amento da C\u00e2mara, presidida pelo vereador Israel Gomes.<\/p>\n\n\n\n<p>O julgamento pela C\u00e2mara \u00e9 fundamental, e, caso n\u00e3o ocorra at\u00e9 o prazo estipulado, a institui\u00e7\u00e3o poder\u00e1 responder por omiss\u00e3o. Na manh\u00e3 desta ter\u00e7a-feira (29), foram entregues \u00e0 comiss\u00e3o os documentos necess\u00e1rios para emitir um parecer sobre o caso, que determinar\u00e1 se o parecer desfavor\u00e1vel do TCE\/MS ser\u00e1 acatado ou rejeitado.<\/p>\n\n\n\n<p>Segundo o vereador Israel Gomes, o pr\u00f3ximo passo ser\u00e1 a emiss\u00e3o do parecer da comiss\u00e3o de Finan\u00e7as e Or\u00e7amento. Em seguida, o relat\u00f3rio ser\u00e1 submetido ao plen\u00e1rio para vota\u00e7\u00e3o, onde os vereadores decidir\u00e3o pela aprova\u00e7\u00e3o ou rejei\u00e7\u00e3o das contas do ex-prefeito. Caso os parlamentares acompanhem o TCE\/MS e reprovem a presta\u00e7\u00e3o de contas de Arlei Barbosa, ele ficar\u00e1 ineleg\u00edvel por um per\u00edodo de oito anos, a partir da data da vota\u00e7\u00e3o, o que pode comprometer seriamente sua carreira pol\u00edtica.<\/p>\n\n\n\n<p>A decis\u00e3o final ser\u00e1 um marco no cen\u00e1rio pol\u00edtico de Nova Alvorada do Sul e dever\u00e1 influenciar os rumos da pol\u00edtica local, considerando o hist\u00f3rico de Arlei Barbosa, que j\u00e1 foi prefeito por tr\u00eas mandatos e ainda mant\u00e9m uma base de apoio significativa no munic\u00edpio. Arlei no momento se encontra ineleg\u00edvel, o que lhe impediu de concorrer nas elei\u00e7\u00f5es de 2020 e 2024, caso tenha suas contas reprovadas novamente, Arlei somente poder\u00e1 concorrer a algum cargo politico somente ap\u00f3s as elei\u00e7\u00f5es de 2032 ou seja somente em 2036, Arlei completara no pr\u00f3ximo m\u00eas 66 anos de idade e caso se torne ineleg\u00edvel novamente somente poder\u00e1 concorrer quando estiver com 78 anos.<\/p>\n\n\n\n<p><strong>Motivos pela qual as contas foram rejeitadas:<\/strong><\/p>\n\n\n\n<ul class=\"wp-block-list\">\n<li>Aus\u00eancia dos extratos banc\u00e1rios no valor de R$ 1.004.549,92;<br>&#8211; O inadimplemento das obriga\u00e7\u00f5es patronais;<br>&#8211; A irregularidade na classifica\u00e7\u00e3o cont\u00e1bil da despesa;<br>&#8211; O desrespeito ao princ\u00edpio da compet\u00eancia na contabiliza\u00e7\u00e3o de despesa com pessoal;<br>&#8211; O cancelamento de restos a pagar processados sem a devida justificativa;<br>&#8211; O Demonstrativo das A\u00e7\u00f5es Desenvolvidas pelo Munic\u00edpio para Cobran\u00e7a da D\u00edvida em 31\/12\/2018 que diverge do saldo evidenciado no Balan\u00e7o Patrimonial;<br>&#8211; Aus\u00eancia de Notas Explicativas quanto aos ajustes realizados no Balan\u00e7o Patrimonial no valor de R$ 1.139.189,74<\/li>\n<\/ul>\n\n\n\n<figure class=\"wp-block-image\"><img decoding=\"async\" src=\"https:\/\/www.folhadacidadems.com.br\/envios\/2024\/10\/29\/e1dca638b9adeed1ffb64400cd91aa73.webp\" alt=\"\"\/><\/figure>\n\n\n\n<p><strong><em>Fonte: Folha da Cidade<\/em><\/strong><\/p>\n","protected":false},"excerpt":{"rendered":"<p>A C\u00e2mara Municipal de Nova Alvorada do Sul ter\u00e1 at\u00e9 o final de dezembro para julgar a presta\u00e7\u00e3o de contas<\/p>\n","protected":false},"author":1,"featured_media":6921,"comment_status":"open","ping_status":"open","sticky":false,"template":"","format":"standard","meta":{"footnotes":""},"categories":[2],"tags":[],"class_list":["post-8007","post","type-post","status-publish","format-standard","has-post-thumbnail","hentry","category-noticias"],"_links":{"self":[{"href":"https:\/\/jornaloalvorada.com.br\/site\/wp-json\/wp\/v2\/posts\/8007","targetHints":{"allow":["GET"]}}],"collection":[{"href":"https:\/\/jornaloalvorada.com.br\/site\/wp-json\/wp\/v2\/posts"}],"about":[{"href":"https:\/\/jornaloalvorada.com.br\/site\/wp-json\/wp\/v2\/types\/post"}],"author":[{"embeddable":true,"href":"https:\/\/jornaloalvorada.com.br\/site\/wp-json\/wp\/v2\/users\/1"}],"replies":[{"embeddable":true,"href":"https:\/\/jornaloalvorada.com.br\/site\/wp-json\/wp\/v2\/comments?post=8007"}],"version-history":[{"count":1,"href":"https:\/\/jornaloalvorada.com.br\/site\/wp-json\/wp\/v2\/posts\/8007\/revisions"}],"predecessor-version":[{"id":8008,"href":"https:\/\/jornaloalvorada.com.br\/site\/wp-json\/wp\/v2\/posts\/8007\/revisions\/8008"}],"wp:featuredmedia":[{"embeddable":true,"href":"https:\/\/jornaloalvorada.com.br\/site\/wp-json\/wp\/v2\/media\/6921"}],"wp:attachment":[{"href":"https:\/\/jornaloalvorada.com.br\/site\/wp-json\/wp\/v2\/media?parent=8007"}],"wp:term":[{"taxonomy":"category","embeddable":true,"href":"https:\/\/jornaloalvorada.com.br\/site\/wp-json\/wp\/v2\/categories?post=8007"},{"taxonomy":"post_tag","embeddable":true,"href":"https:\/\/jornaloalvorada.com.br\/site\/wp-json\/wp\/v2\/tags?post=8007"}],"curies":[{"name":"wp","href":"https:\/\/api.w.org\/{rel}","templated":true}]}}