{"id":7996,"date":"2024-10-30T08:45:08","date_gmt":"2024-10-30T12:45:08","guid":{"rendered":"https:\/\/jornaloalvorada.com.br\/site\/?p=7996"},"modified":"2024-10-30T08:45:11","modified_gmt":"2024-10-30T12:45:11","slug":"adolescente-desaparecida-em-curitiba-e-encontrada-em-nova-alvorada-do-sul","status":"publish","type":"post","link":"https:\/\/jornaloalvorada.com.br\/site\/2024\/10\/30\/adolescente-desaparecida-em-curitiba-e-encontrada-em-nova-alvorada-do-sul\/","title":{"rendered":"Adolescente desaparecida em Curitiba \u00e9 encontrada em Nova Alvorada do Sul"},"content":{"rendered":"\n<p>A PRF (Pol\u00edcia Rodovi\u00e1ria Federal) localizou, em Nova Alvorada do Sul, na tarde desta quinta-feira (24), uma menor de idade moradora de Curitiba que estava desaparecida.<\/p>\n\n\n\n<p>De acordo com a pol\u00edcia, os agentes fiscalizavam na BR-267 quando receberam informa\u00e7\u00f5es sobre o desaparecimento de uma jovem em Curitiba que poderia estar viajando em um \u00f4nibus. A equipe realizou abordagem de um \u00f4nibus que seguia de Crici\u00fama (SC) para Rondon\u00f3polis (MT).<\/p>\n\n\n\n<p>Durante fiscaliza\u00e7\u00e3o foi encontrada uma menina que confessou ser menor de idade e se identificou como a jovem desaparecida. Ela disse que viajava com a companhia de uma mulher, de 22 anos. A acompanhante disse n\u00e3o sabia que a menina era menor de idade. A ocorr\u00eancia foi encaminhada \u00e0 Pol\u00edcia Judici\u00e1ria local.<\/p>\n\n\n\n<p><strong><em>Fonte: Midianas<\/em><\/strong><\/p>\n","protected":false},"excerpt":{"rendered":"<p>A PRF (Pol\u00edcia Rodovi\u00e1ria Federal) localizou, em Nova Alvorada do Sul, na tarde desta quinta-feira (24), uma menor de idade<\/p>\n","protected":false},"author":1,"featured_media":7997,"comment_status":"open","ping_status":"open","sticky":false,"template":"","format":"standard","meta":{"footnotes":""},"categories":[2],"tags":[],"class_list":["post-7996","post","type-post","status-publish","format-standard","has-post-thumbnail","hentry","category-noticias"],"_links":{"self":[{"href":"https:\/\/jornaloalvorada.com.br\/site\/wp-json\/wp\/v2\/posts\/7996","targetHints":{"allow":["GET"]}}],"collection":[{"href":"https:\/\/jornaloalvorada.com.br\/site\/wp-json\/wp\/v2\/posts"}],"about":[{"href":"https:\/\/jornaloalvorada.com.br\/site\/wp-json\/wp\/v2\/types\/post"}],"author":[{"embeddable":true,"href":"https:\/\/jornaloalvorada.com.br\/site\/wp-json\/wp\/v2\/users\/1"}],"replies":[{"embeddable":true,"href":"https:\/\/jornaloalvorada.com.br\/site\/wp-json\/wp\/v2\/comments?post=7996"}],"version-history":[{"count":1,"href":"https:\/\/jornaloalvorada.com.br\/site\/wp-json\/wp\/v2\/posts\/7996\/revisions"}],"predecessor-version":[{"id":7998,"href":"https:\/\/jornaloalvorada.com.br\/site\/wp-json\/wp\/v2\/posts\/7996\/revisions\/7998"}],"wp:featuredmedia":[{"embeddable":true,"href":"https:\/\/jornaloalvorada.com.br\/site\/wp-json\/wp\/v2\/media\/7997"}],"wp:attachment":[{"href":"https:\/\/jornaloalvorada.com.br\/site\/wp-json\/wp\/v2\/media?parent=7996"}],"wp:term":[{"taxonomy":"category","embeddable":true,"href":"https:\/\/jornaloalvorada.com.br\/site\/wp-json\/wp\/v2\/categories?post=7996"},{"taxonomy":"post_tag","embeddable":true,"href":"https:\/\/jornaloalvorada.com.br\/site\/wp-json\/wp\/v2\/tags?post=7996"}],"curies":[{"name":"wp","href":"https:\/\/api.w.org\/{rel}","templated":true}]}}