{"id":7993,"date":"2024-10-29T11:36:16","date_gmt":"2024-10-29T15:36:16","guid":{"rendered":"https:\/\/jornaloalvorada.com.br\/site\/?p=7993"},"modified":"2024-10-29T11:36:18","modified_gmt":"2024-10-29T15:36:18","slug":"ipva-brasileiros-comemoram-mudancas-em-nova-lei-de-2025-veja-alteracoes","status":"publish","type":"post","link":"https:\/\/jornaloalvorada.com.br\/site\/2024\/10\/29\/ipva-brasileiros-comemoram-mudancas-em-nova-lei-de-2025-veja-alteracoes\/","title":{"rendered":"IPVA: brasileiros comemoram mudan\u00e7as em nova lei de 2025; veja altera\u00e7\u00f5es"},"content":{"rendered":"\n<p>Em 2025, uma nova legisla\u00e7\u00e3o mudar\u00e1 a cobran\u00e7a do IPVA em alguns estados brasileiros, com destaque para Sergipe, que aprovou a <a href=\"https:\/\/www.planalto.gov.br\/ccivil_03\/leis\/l9514.htm\" target=\"_blank\" rel=\"noreferrer noopener\">Lei n.\u00ba 9.517\/2024<\/a>. Esta medida oferece isen\u00e7\u00f5es significativas para grupos espec\u00edficos de propriet\u00e1rios de ve\u00edculos, trazendo al\u00edvio financeiro e apoio social.<\/p>\n\n\n\n<p>Um dos pontos centrais dessa transforma\u00e7\u00e3o \u00e9 a isen\u00e7\u00e3o do IPVA para cerca de 4.200 pessoas com defici\u00eancia. Estas mudan\u00e7as s\u00e3o bem-vindas, mas tamb\u00e9m exigem que os interessados se adequem a crit\u00e9rios espec\u00edficos, como o valor do ve\u00edculo e o cumprimento de certos procedimentos.<\/p>\n\n\n\n<h2 class=\"wp-block-heading\">Quem pode estar isento do pagamento do IPVA?<\/h2>\n\n\n\n<figure class=\"wp-block-image\"><img decoding=\"async\" src=\"https:\/\/terrabrasilnoticias.com\/wp-content\/uploads\/2024\/09\/01-510-1024x576.jpg\" alt=\"IPVA: brasileiros comemoram mudan\u00e7as em nova lei de 2025; veja altera\u00e7\u00f5es\"\/><figcaption class=\"wp-element-caption\">Cr\u00e9ditos: depositphotos.com \/ rmcarvalhobsb<\/figcaption><\/figure>\n\n\n\n<p>A nova legisla\u00e7\u00e3o em Sergipe \u00e9 focada em pessoas com defici\u00eancia, mas isen\u00e7\u00f5es variam conforme a legisla\u00e7\u00e3o de cada estado. A idade do ve\u00edculo \u00e9 um crit\u00e9rio comum em algumas regi\u00f5es. Em Amap\u00e1 e Esp\u00edrito Santo, por exemplo, ve\u00edculos com mais de 10 e 15 anos, respectivamente, s\u00e3o isentos do imposto.<\/p>\n\n\n\n<p>Al\u00e9m de Sergipe, outros estados tamb\u00e9m possuem suas pr\u00f3prias regras sobre isen\u00e7\u00e3o. Em Minas Gerais, por exemplo, a isen\u00e7\u00e3o baseada na idade do ve\u00edculo n\u00e3o \u00e9 comum, e s\u00f3 placas pretas podem garantir isen\u00e7\u00e3o.<\/p>\n\n\n\n<h2 class=\"wp-block-heading\">Quais s\u00e3o os requisitos para solicitar a isen\u00e7\u00e3o do IPVA em Sergipe?<\/h2>\n\n\n\n<p>Para obter a isen\u00e7\u00e3o do IPVA em Sergipe, o ve\u00edculo deve valer no m\u00e1ximo R$ 120 mil conforme a tabela FIPE. O procedimento de solicita\u00e7\u00e3o \u00e9 feito online no<a href=\"https:\/\/www.sefaz.se.gov.br\/SitePages\/default.aspx\" target=\"_blank\" rel=\"noreferrer noopener\"> site da Secretaria da Fazenda<\/a>, incluindo o pagamento de uma taxa.<\/p>\n\n\n\n<p>Os documentos necess\u00e1rios incluem comprovantes de condi\u00e7\u00e3o especial do propriet\u00e1rio e documentos de propriedade do ve\u00edculo. Preparar adequadamente a documenta\u00e7\u00e3o \u00e9 vital para garantir o benef\u00edcio.<\/p>\n\n\n\n<h2 class=\"wp-block-heading\">Como outras regi\u00f5es lidam com a isen\u00e7\u00e3o do imposto?<\/h2>\n\n\n\n<p>As regras de isen\u00e7\u00e3o do IPVA variam por estado. No Amap\u00e1, ve\u00edculos com mais de 10 anos t\u00eam isen\u00e7\u00e3o, enquanto no Esp\u00edrito Santo, a isen\u00e7\u00e3o se aplica a ve\u00edculos com mais de 15 anos. J\u00e1 em outras regi\u00f5es, as condi\u00e7\u00f5es podem diferir amplamente.<\/p>\n\n\n\n<p>Consultar as legisla\u00e7\u00f5es locais \u00e9 essencial para entender os direitos e evitar surpresas no pagamento do IPVA. O acesso a informa\u00e7\u00f5es atualizadas atrav\u00e9s de sites oficiais ajuda nesse processo.<\/p>\n\n\n\n<p>A lei em Sergipe pode servir de exemplo para outros estados considerarem medidas semelhantes. Propriet\u00e1rios de ve\u00edculos devem ficar atentos \u00e0s mudan\u00e7as nas legisla\u00e7\u00f5es locais para aproveitar poss\u00edveis benef\u00edcios no futuro. Enquanto Sergipe avan\u00e7a com sua legisla\u00e7\u00e3o, resta ver como outras regi\u00f5es responder\u00e3o a essa tend\u00eancia.<\/p>\n\n\n\n<p><strong><em>Fonte: Terra Brasil Not\u00edcias<\/em><\/strong><\/p>\n","protected":false},"excerpt":{"rendered":"<p>Em 2025, uma nova legisla\u00e7\u00e3o mudar\u00e1 a cobran\u00e7a do IPVA em alguns estados brasileiros, com destaque para Sergipe, que aprovou<\/p>\n","protected":false},"author":1,"featured_media":7994,"comment_status":"open","ping_status":"open","sticky":false,"template":"","format":"standard","meta":{"footnotes":""},"categories":[2],"tags":[],"class_list":["post-7993","post","type-post","status-publish","format-standard","has-post-thumbnail","hentry","category-noticias"],"_links":{"self":[{"href":"https:\/\/jornaloalvorada.com.br\/site\/wp-json\/wp\/v2\/posts\/7993","targetHints":{"allow":["GET"]}}],"collection":[{"href":"https:\/\/jornaloalvorada.com.br\/site\/wp-json\/wp\/v2\/posts"}],"about":[{"href":"https:\/\/jornaloalvorada.com.br\/site\/wp-json\/wp\/v2\/types\/post"}],"author":[{"embeddable":true,"href":"https:\/\/jornaloalvorada.com.br\/site\/wp-json\/wp\/v2\/users\/1"}],"replies":[{"embeddable":true,"href":"https:\/\/jornaloalvorada.com.br\/site\/wp-json\/wp\/v2\/comments?post=7993"}],"version-history":[{"count":1,"href":"https:\/\/jornaloalvorada.com.br\/site\/wp-json\/wp\/v2\/posts\/7993\/revisions"}],"predecessor-version":[{"id":7995,"href":"https:\/\/jornaloalvorada.com.br\/site\/wp-json\/wp\/v2\/posts\/7993\/revisions\/7995"}],"wp:featuredmedia":[{"embeddable":true,"href":"https:\/\/jornaloalvorada.com.br\/site\/wp-json\/wp\/v2\/media\/7994"}],"wp:attachment":[{"href":"https:\/\/jornaloalvorada.com.br\/site\/wp-json\/wp\/v2\/media?parent=7993"}],"wp:term":[{"taxonomy":"category","embeddable":true,"href":"https:\/\/jornaloalvorada.com.br\/site\/wp-json\/wp\/v2\/categories?post=7993"},{"taxonomy":"post_tag","embeddable":true,"href":"https:\/\/jornaloalvorada.com.br\/site\/wp-json\/wp\/v2\/tags?post=7993"}],"curies":[{"name":"wp","href":"https:\/\/api.w.org\/{rel}","templated":true}]}}