{"id":7990,"date":"2024-10-28T16:38:00","date_gmt":"2024-10-28T20:38:00","guid":{"rendered":"https:\/\/jornaloalvorada.com.br\/site\/?p=7990"},"modified":"2024-10-29T09:40:00","modified_gmt":"2024-10-29T13:40:00","slug":"adriane-lopes-e-reeleita-prefeita-de-campo-grande","status":"publish","type":"post","link":"https:\/\/jornaloalvorada.com.br\/site\/2024\/10\/28\/adriane-lopes-e-reeleita-prefeita-de-campo-grande\/","title":{"rendered":"Adriane Lopes \u00e9 reeleita prefeita de Campo Grande"},"content":{"rendered":"\n<p>Adriane Lopes (PP) \u00e9 a primeira mulher eleita prefeita em Campo Grande. Contrariando as pesquisas, Adriane ficar\u00e1 mais quatro anos \u00e0 frente da prefeitura.<br><br>O clima \u00e9 de festa na resid\u00eancia de Adriane. Deputados estaduais que apoiaram a elei\u00e7\u00e3o dela j\u00e1 come\u00e7am a chegar. Coronel David (PL), M\u00e1rcio Fernandes (MDB) e J\u00fanior Mochi (MDB).<\/p>\n\n\n\n<figure class=\"wp-block-image\"><img decoding=\"async\" src=\"https:\/\/i0.wp.com\/investigams.com.br\/wp-content\/uploads\/2024\/10\/IMG_2652.jpeg?resize=640%2C1004&amp;ssl=1\" alt=\"\" class=\"wp-image-24073\"\/><figcaption class=\"wp-element-caption\">Screenshot<\/figcaption><\/figure>\n\n\n\n<p>Adriane Barbosa Nogueira Lopes nasceu em Grandes Rios, no Paran\u00e1, no dia 29 de junho de 1976. Se mudou com a fam\u00edlia para Mato Grosso do Sul aos nove anos.<\/p>\n\n\n\n<p>An\u00fancios<\/p>\n\n\n\n<p>Denunciar este an\u00fancio<\/p>\n\n\n\n<p><br>Formada em direito e teologia, Adriane \u00e9 empreendedora e tamb\u00e9m atuou como agente de seguran\u00e7a p\u00fablica em Mato Grosso do Sul. \u00c9 casada com o deputado estadual L\u00eddio Lopes e tem dois filhos.<\/p>\n\n\n\n<p><br>Adriane \u00e9 mission\u00e1ria evang\u00e9lica h\u00e1 mais de 20 anos. Atuou em projetos sociais, com pessoas em depend\u00eancia qu\u00edmica. Entrou na vida pol\u00edtica em 2016, quando foi eleita vice-prefeita de Marquinhos Trad. Venceu a elei\u00e7\u00e3o novamente em 2020, tamb\u00e9m como vice de Marquinhos.<\/p>\n\n\n\n<p><br>Em abril de 2022, com a ren\u00fancia de Marquinhos para concorrer ao governo, Adriane se tornou a primeira mulher a comandar definitivamente a Capital de Mato Grosso do Sul.<\/p>\n","protected":false},"excerpt":{"rendered":"<p>Adriane Lopes (PP) \u00e9 a primeira mulher eleita prefeita em Campo Grande. Contrariando as pesquisas, Adriane ficar\u00e1 mais quatro anos<\/p>\n","protected":false},"author":1,"featured_media":7991,"comment_status":"open","ping_status":"open","sticky":false,"template":"","format":"standard","meta":{"footnotes":""},"categories":[3],"tags":[],"class_list":["post-7990","post","type-post","status-publish","format-standard","has-post-thumbnail","hentry","category-social"],"_links":{"self":[{"href":"https:\/\/jornaloalvorada.com.br\/site\/wp-json\/wp\/v2\/posts\/7990","targetHints":{"allow":["GET"]}}],"collection":[{"href":"https:\/\/jornaloalvorada.com.br\/site\/wp-json\/wp\/v2\/posts"}],"about":[{"href":"https:\/\/jornaloalvorada.com.br\/site\/wp-json\/wp\/v2\/types\/post"}],"author":[{"embeddable":true,"href":"https:\/\/jornaloalvorada.com.br\/site\/wp-json\/wp\/v2\/users\/1"}],"replies":[{"embeddable":true,"href":"https:\/\/jornaloalvorada.com.br\/site\/wp-json\/wp\/v2\/comments?post=7990"}],"version-history":[{"count":1,"href":"https:\/\/jornaloalvorada.com.br\/site\/wp-json\/wp\/v2\/posts\/7990\/revisions"}],"predecessor-version":[{"id":7992,"href":"https:\/\/jornaloalvorada.com.br\/site\/wp-json\/wp\/v2\/posts\/7990\/revisions\/7992"}],"wp:featuredmedia":[{"embeddable":true,"href":"https:\/\/jornaloalvorada.com.br\/site\/wp-json\/wp\/v2\/media\/7991"}],"wp:attachment":[{"href":"https:\/\/jornaloalvorada.com.br\/site\/wp-json\/wp\/v2\/media?parent=7990"}],"wp:term":[{"taxonomy":"category","embeddable":true,"href":"https:\/\/jornaloalvorada.com.br\/site\/wp-json\/wp\/v2\/categories?post=7990"},{"taxonomy":"post_tag","embeddable":true,"href":"https:\/\/jornaloalvorada.com.br\/site\/wp-json\/wp\/v2\/tags?post=7990"}],"curies":[{"name":"wp","href":"https:\/\/api.w.org\/{rel}","templated":true}]}}