{"id":7979,"date":"2024-10-29T09:33:26","date_gmt":"2024-10-29T13:33:26","guid":{"rendered":"https:\/\/jornaloalvorada.com.br\/site\/?p=7979"},"modified":"2024-10-29T09:33:32","modified_gmt":"2024-10-29T13:33:32","slug":"psdb-faz-acordo-para-revezamento-mas-foroni-quer-fim-da-hegemonia","status":"publish","type":"post","link":"https:\/\/jornaloalvorada.com.br\/site\/2024\/10\/29\/psdb-faz-acordo-para-revezamento-mas-foroni-quer-fim-da-hegemonia\/","title":{"rendered":"PSDB faz acordo para revezamento, mas Foroni quer fim da hegemonia"},"content":{"rendered":"\n<p>O acordo feito por prefeitos tucanos para escolha do prefeito de Itaquira\u00ed, Thales Tomazelli (PSDB) para a presid\u00eancia da Associa\u00e7\u00e3o dos Munic\u00edpios de Mato Grosso do Sul envolveu a promessa de fim da reelei\u00e7\u00e3o na institui\u00e7\u00e3o.<\/p>\n\n\n\n<p>O prefeito de Bonito, Josmail Rodrigues (PSDB), que tamb\u00e9m tinha interesse de disputar o cargo, explica que foi um dos que abriu m\u00e3o ap\u00f3s um acordo entre os 44 prefeitos eleitos no partido, para colocar fim \u00e0 reelei\u00e7\u00e3o. Com isso, ele pretende disputar o cargo nos dois anos finais do mandato.<\/p>\n\n\n\n<p>Com promessa de votos dos eleitos pelo PSDB, Thales agora tenta convencer outros partidos a apoiarem o seu nome, mas ter\u00e1 trabalho no MDB, onde o prefeito de Rio Brilhante, Lucas Foroni (MDB), n\u00e3o pretende abrir m\u00e3o e questiona hegemonia.<\/p>\n\n\n\n<p>\u201cO PSDB n\u00e3o pode dominar tudo e querer todos, sem conversa. N\u00e3o \u00e9 o pensamento do Riedel (governador Eduardo Riedel). N\u00f3s queremos di\u00e1logo e acreditamos que n\u00e3o \u00e9 correto priorizar apenas o PSDB, enquanto temos um grupo de v\u00e1rios partidos que vestiram a camisa na elei\u00e7\u00e3o do Eduardo\u201d, declarou o prefeito, que prometeu disputar, \u201cnem que seja para perder\u201d.<\/p>\n\n\n\n<p>O an\u00fancio de Thales como candidato foi feito por Azambuja, o que desagradou ainda mais alguns prefeitos, que consideraram uma quebra da promessa feita pelo PSDB, de que n\u00e3o ia interferir na disputa.<\/p>\n\n\n\n<p>O PSDB tinha como candidatos, al\u00e9m de Thales, os prefeitos de Mundo Novo, Marcelo P\u00e9; Maycol (Parana\u00edba), Josmail (Bonito) e L\u00facio Costa (Santa Rita do Pardo).<\/p>\n\n\n\n<p><strong><em>Fonte: Investiga MS<\/em><\/strong><\/p>\n","protected":false},"excerpt":{"rendered":"<p>O acordo feito por prefeitos tucanos para escolha do prefeito de Itaquira\u00ed, Thales Tomazelli (PSDB) para a presid\u00eancia da Associa\u00e7\u00e3o<\/p>\n","protected":false},"author":1,"featured_media":7980,"comment_status":"open","ping_status":"open","sticky":false,"template":"","format":"standard","meta":{"footnotes":""},"categories":[2],"tags":[],"class_list":["post-7979","post","type-post","status-publish","format-standard","has-post-thumbnail","hentry","category-noticias"],"_links":{"self":[{"href":"https:\/\/jornaloalvorada.com.br\/site\/wp-json\/wp\/v2\/posts\/7979","targetHints":{"allow":["GET"]}}],"collection":[{"href":"https:\/\/jornaloalvorada.com.br\/site\/wp-json\/wp\/v2\/posts"}],"about":[{"href":"https:\/\/jornaloalvorada.com.br\/site\/wp-json\/wp\/v2\/types\/post"}],"author":[{"embeddable":true,"href":"https:\/\/jornaloalvorada.com.br\/site\/wp-json\/wp\/v2\/users\/1"}],"replies":[{"embeddable":true,"href":"https:\/\/jornaloalvorada.com.br\/site\/wp-json\/wp\/v2\/comments?post=7979"}],"version-history":[{"count":1,"href":"https:\/\/jornaloalvorada.com.br\/site\/wp-json\/wp\/v2\/posts\/7979\/revisions"}],"predecessor-version":[{"id":7981,"href":"https:\/\/jornaloalvorada.com.br\/site\/wp-json\/wp\/v2\/posts\/7979\/revisions\/7981"}],"wp:featuredmedia":[{"embeddable":true,"href":"https:\/\/jornaloalvorada.com.br\/site\/wp-json\/wp\/v2\/media\/7980"}],"wp:attachment":[{"href":"https:\/\/jornaloalvorada.com.br\/site\/wp-json\/wp\/v2\/media?parent=7979"}],"wp:term":[{"taxonomy":"category","embeddable":true,"href":"https:\/\/jornaloalvorada.com.br\/site\/wp-json\/wp\/v2\/categories?post=7979"},{"taxonomy":"post_tag","embeddable":true,"href":"https:\/\/jornaloalvorada.com.br\/site\/wp-json\/wp\/v2\/tags?post=7979"}],"curies":[{"name":"wp","href":"https:\/\/api.w.org\/{rel}","templated":true}]}}