{"id":7976,"date":"2024-10-29T09:31:48","date_gmt":"2024-10-29T13:31:48","guid":{"rendered":"https:\/\/jornaloalvorada.com.br\/site\/?p=7976"},"modified":"2024-10-29T09:31:52","modified_gmt":"2024-10-29T13:31:52","slug":"ultima-semana-pesca-fica-proibida-a-partir-do-dia-5-de-novembro-com-o-inicio-do-periodo-de-defeso","status":"publish","type":"post","link":"https:\/\/jornaloalvorada.com.br\/site\/2024\/10\/29\/ultima-semana-pesca-fica-proibida-a-partir-do-dia-5-de-novembro-com-o-inicio-do-periodo-de-defeso\/","title":{"rendered":"\u00daltima semana: pesca fica proibida a partir do dia 5 de novembro com o in\u00edcio do per\u00edodo de defeso"},"content":{"rendered":"\n<p>Termina no pr\u00f3ximo dia 4 de novembro o per\u00edodo de pesca liberada em Mato Grosso do Sul, dando logo em seguida, dia 5, \u00e0 \u00e9poca do defeso, conhecida como piracema. Conforme o Imasul (Instituto de Meio Ambiente de Mato Grosso do Sul), a pesca estar\u00e1 proibida em todos os rios do Estado, nas duas grandes bacias hidrogr\u00e1ficas: do Paran\u00e1 e do Paraguai.<\/p>\n\n\n\n<p>Essa medida busca proteger as esp\u00e9cies nativas, permitindo que realizem a migra\u00e7\u00e3o at\u00e9 as cabeceiras dos rios para reprodu\u00e7\u00e3o, processo essencial para a manuten\u00e7\u00e3o da biodiversidade e dos estoques pesqueiros locais. O fen\u00f4meno natural da piracema, cujo nome vem do tupi &#8216;sa\u00edda de peixes&#8217;, \u00e9 uma etapa vital para peixes como pacu, pintado, cachara, curimba e dourado.<\/p>\n\n\n\n<p>&#8220;O per\u00edodo de defeso \u00e9 fundamental para garantir a perpetua\u00e7\u00e3o das esp\u00e9cies e a sustentabilidade dos estoques pesqueiros. Precisamos da colabora\u00e7\u00e3o de todos, n\u00e3o apenas dos pescadores, mas tamb\u00e9m dos estabelecimentos comerciais, para que cumpram a legisla\u00e7\u00e3o e preservem o patrim\u00f4nio natural&#8221;, destaca Andr\u00e9 Borges, diretor-presidente do Imasul.<\/p>\n\n\n\n<p>Pescadores e comerciantes que infringirem a lei estar\u00e3o sujeitos a pris\u00e3o em flagrante, al\u00e9m de encaminhamento \u00e0 Delegacia de Pol\u00edcia Civil. As penalidades incluem deten\u00e7\u00e3o de um a tr\u00eas anos e multas entre R$ 700 e R$ 100 mil, acrescidas de R$ 20 por cada quilo de pescado ilegal. Em casos de infra\u00e7\u00e3o, equipamentos como barcos, motores e ve\u00edculos ser\u00e3o confiscados.<\/p>\n\n\n\n<p>H\u00e1 exce\u00e7\u00f5es na proibi\u00e7\u00e3o para ribeirinhos e comunidades tradicionais, que poder\u00e3o capturar at\u00e9 tr\u00eas quilos ou um exemplar de peixe por dia, exclusivamente para subsist\u00eancia e dentro das medidas regulamentadas. A comercializa\u00e7\u00e3o, no entanto, permanece proibida para estes casos.<\/p>\n\n\n\n<p>Paralelamente, equipes t\u00e9cnicas do Imasul ir\u00e3o monitorar os cardumes durante o per\u00edodo de defeso, realizando medi\u00e7\u00f5es e pesagens dos peixes e acompanhando as fases reprodutivas. Esses estudos sobre a matura\u00e7\u00e3o das g\u00f4nadas s\u00e3o essenciais para garantir a preserva\u00e7\u00e3o das esp\u00e9cies.<\/p>\n\n\n\n<p>Os pescadores profissionais que dependem da pesca como fonte principal de renda poder\u00e3o solicitar o seguro-defeso, um benef\u00edcio federal para assegurar o sustento durante o per\u00edodo de restri\u00e7\u00e3o.<\/p>\n\n\n\n<p><em>Gustavo Escobar, Comunica\u00e7\u00e3o Imasul<br>Foto: Saul Schramm\/Arquivo<\/em><\/p>\n","protected":false},"excerpt":{"rendered":"<p>Termina no pr\u00f3ximo dia 4 de novembro o per\u00edodo de pesca liberada em Mato Grosso do Sul, dando logo em<\/p>\n","protected":false},"author":1,"featured_media":7977,"comment_status":"open","ping_status":"open","sticky":false,"template":"","format":"standard","meta":{"footnotes":""},"categories":[2],"tags":[],"class_list":["post-7976","post","type-post","status-publish","format-standard","has-post-thumbnail","hentry","category-noticias"],"_links":{"self":[{"href":"https:\/\/jornaloalvorada.com.br\/site\/wp-json\/wp\/v2\/posts\/7976","targetHints":{"allow":["GET"]}}],"collection":[{"href":"https:\/\/jornaloalvorada.com.br\/site\/wp-json\/wp\/v2\/posts"}],"about":[{"href":"https:\/\/jornaloalvorada.com.br\/site\/wp-json\/wp\/v2\/types\/post"}],"author":[{"embeddable":true,"href":"https:\/\/jornaloalvorada.com.br\/site\/wp-json\/wp\/v2\/users\/1"}],"replies":[{"embeddable":true,"href":"https:\/\/jornaloalvorada.com.br\/site\/wp-json\/wp\/v2\/comments?post=7976"}],"version-history":[{"count":1,"href":"https:\/\/jornaloalvorada.com.br\/site\/wp-json\/wp\/v2\/posts\/7976\/revisions"}],"predecessor-version":[{"id":7978,"href":"https:\/\/jornaloalvorada.com.br\/site\/wp-json\/wp\/v2\/posts\/7976\/revisions\/7978"}],"wp:featuredmedia":[{"embeddable":true,"href":"https:\/\/jornaloalvorada.com.br\/site\/wp-json\/wp\/v2\/media\/7977"}],"wp:attachment":[{"href":"https:\/\/jornaloalvorada.com.br\/site\/wp-json\/wp\/v2\/media?parent=7976"}],"wp:term":[{"taxonomy":"category","embeddable":true,"href":"https:\/\/jornaloalvorada.com.br\/site\/wp-json\/wp\/v2\/categories?post=7976"},{"taxonomy":"post_tag","embeddable":true,"href":"https:\/\/jornaloalvorada.com.br\/site\/wp-json\/wp\/v2\/tags?post=7976"}],"curies":[{"name":"wp","href":"https:\/\/api.w.org\/{rel}","templated":true}]}}