{"id":7949,"date":"2024-10-28T09:44:50","date_gmt":"2024-10-28T13:44:50","guid":{"rendered":"https:\/\/jornaloalvorada.com.br\/site\/?p=7949"},"modified":"2024-10-28T09:44:52","modified_gmt":"2024-10-28T13:44:52","slug":"prazo-para-justificar-ausencia-no-segundo-turno-vai-ate-7-de-janeiro","status":"publish","type":"post","link":"https:\/\/jornaloalvorada.com.br\/site\/2024\/10\/28\/prazo-para-justificar-ausencia-no-segundo-turno-vai-ate-7-de-janeiro\/","title":{"rendered":"Prazo para justificar aus\u00eancia no segundo turno vai at\u00e9 7 de janeiro"},"content":{"rendered":"\n<p>Eleitores que n\u00e3o compareceram \u00e0s urnas no segundo turno das elei\u00e7\u00f5es, realizado nesse domingo (27), t\u00eam at\u00e9 o dia 7 de janeiro de 2025 para justificar a aus\u00eancia. Eleitores no exterior t\u00eam at\u00e9 30 dias ap\u00f3s o retorno ao pa\u00eds para justificar a aus\u00eancia, caso esse retorno ocorra ap\u00f3s o fim do prazo previsto no calend\u00e1rio eleitoral.<img decoding=\"async\" src=\"https:\/\/agenciabrasil.ebc.com.br\/ebc.png?id=1617220&amp;o=node\"><img decoding=\"async\" src=\"https:\/\/agenciabrasil.ebc.com.br\/ebc.gif?id=1617220&amp;o=node\"><\/p>\n\n\n\n<p>A justificativa pode ser feita por meio do aplicativo e-T\u00edtulo, do <a href=\"https:\/\/www.tse.jus.br\/servicos-eleitorais\/autoatendimento-eleitoral#\/justifica-tn3\/home\" target=\"_blank\" rel=\"noreferrer noopener\">autoatendimento<\/a> eleitoral ou do <a href=\"https:\/\/www.tse.jus.br\/++theme++justica_eleitoral\/pdfjs\/web\/viewer.html?file=https:\/\/www.tse.jus.br\/servicos-eleitorais\/justificativa-eleitoral\/arquivos\/formulario-requerimento-de-justificativa-eleitoral-rje-eleicoes-2024\/@@download\/file\/formulario-requerimento-de-justificativa-eleitoral-rje-eleicoes-2024.pdf\" target=\"_blank\" rel=\"noreferrer noopener\">Formul\u00e1rio de Requerimento de Justificativa Eleitoral <\/a>(p\u00f3s-elei\u00e7\u00e3o). Neste \u00faltimo caso, o documento deve ser entregue em qualquer cart\u00f3rio eleitoral ou enviado via postal \u00e0 autoridade judici\u00e1ria da zona eleitoral respons\u00e1vel pelo t\u00edtulo.<\/p>\n\n\n<div class=\"wp-block-image\">\n<figure class=\"alignleft\"><img decoding=\"async\" src=\"https:\/\/imagens.ebc.com.br\/HOn8rz5jxsSevl7cf7GIDYAOTmE=\/365x0\/smart\/https:\/\/agenciabrasil.ebc.com.br\/sites\/default\/files\/thumbnails\/image\/etitulo-2711203364.jpg?itok=B_aj-bka\" alt=\"e-T\u00edtulo, aplicativo m\u00f3vel\" title=\"Marcello Casal JrAg\u00eancia Brasil\"\/><figcaption class=\"wp-element-caption\">e-T\u00edtulo, aplicativo m\u00f3vel &#8211; <strong>Marcello Casal JrAg\u00eancia Brasil<\/strong><\/figcaption><\/figure>\n<\/div>\n\n\n<p>Seja qual for a op\u00e7\u00e3o escolhida, a documenta\u00e7\u00e3o que comprove o motivo da aus\u00eancia deve ser anexada para an\u00e1lise da autoridade judici\u00e1ria da zona eleitoral respons\u00e1vel pelo t\u00edtulo. Caso a justificativa seja aceita, haver\u00e1 o registro no hist\u00f3rico do t\u00edtulo eleitoral. Se a justificativa n\u00e3o for aceita, ser\u00e1 preciso quitar o d\u00e9bito.<\/p>\n\n\n\n<p>Para quem n\u00e3o votou no primeiro turno, o prazo vai at\u00e9 5 de dezembro.<\/p>\n\n\n\n<p>\u201cCada justificativa \u00e9 v\u00e1lida somente para o turno ao qual voc\u00ea n\u00e3o tenha comparecido por estar fora de seu domic\u00edlio eleitoral. Assim, caso tenha deixado de votar no primeiro e no segundo turno da elei\u00e7\u00e3o, ter\u00e1 de justificar a aus\u00eancia a cada um, separadamente, obedecendo aos requisitos e prazos de cada turno\u201d, informou o Tribunal Superior Eleitoral (TSE).<\/p>\n\n\n\n<p>Entenda<\/p>\n\n\n\n<p>A aus\u00eancia \u00e0s urnas \u00e9 registrada logo ap\u00f3s o pleito. Os prazos de justificativa figuram como per\u00edodos que o eleitor tem para regularizar essa aus\u00eancia sem pagar multa eleitoral. A an\u00e1lise da justificativa apresentada fica sempre a cargo da autoridade judici\u00e1ria da zona eleitoral respons\u00e1vel pelo t\u00edtulo.<\/p>\n\n\n\n<p>O hist\u00f3rico de justificativas eleitorais, contendo os respectivos pleitos em que o eleitor esteve ausente, pode ser consultado no aplicativo e-T\u00edtulo. O acesso ao aplicativo est\u00e1 dispon\u00edvel, de acordo com o TSE, para quem est\u00e1 com o t\u00edtulo eleitoral regular ou suspenso.<\/p>\n\n\n\n<p><strong><em>Fonte: Ag\u00eancia Brasil<\/em><\/strong><\/p>\n","protected":false},"excerpt":{"rendered":"<p>Eleitores que n\u00e3o compareceram \u00e0s urnas no segundo turno das elei\u00e7\u00f5es, realizado nesse domingo (27), t\u00eam at\u00e9 o dia 7<\/p>\n","protected":false},"author":1,"featured_media":7950,"comment_status":"open","ping_status":"open","sticky":false,"template":"","format":"standard","meta":{"footnotes":""},"categories":[2],"tags":[],"class_list":["post-7949","post","type-post","status-publish","format-standard","has-post-thumbnail","hentry","category-noticias"],"_links":{"self":[{"href":"https:\/\/jornaloalvorada.com.br\/site\/wp-json\/wp\/v2\/posts\/7949","targetHints":{"allow":["GET"]}}],"collection":[{"href":"https:\/\/jornaloalvorada.com.br\/site\/wp-json\/wp\/v2\/posts"}],"about":[{"href":"https:\/\/jornaloalvorada.com.br\/site\/wp-json\/wp\/v2\/types\/post"}],"author":[{"embeddable":true,"href":"https:\/\/jornaloalvorada.com.br\/site\/wp-json\/wp\/v2\/users\/1"}],"replies":[{"embeddable":true,"href":"https:\/\/jornaloalvorada.com.br\/site\/wp-json\/wp\/v2\/comments?post=7949"}],"version-history":[{"count":1,"href":"https:\/\/jornaloalvorada.com.br\/site\/wp-json\/wp\/v2\/posts\/7949\/revisions"}],"predecessor-version":[{"id":7951,"href":"https:\/\/jornaloalvorada.com.br\/site\/wp-json\/wp\/v2\/posts\/7949\/revisions\/7951"}],"wp:featuredmedia":[{"embeddable":true,"href":"https:\/\/jornaloalvorada.com.br\/site\/wp-json\/wp\/v2\/media\/7950"}],"wp:attachment":[{"href":"https:\/\/jornaloalvorada.com.br\/site\/wp-json\/wp\/v2\/media?parent=7949"}],"wp:term":[{"taxonomy":"category","embeddable":true,"href":"https:\/\/jornaloalvorada.com.br\/site\/wp-json\/wp\/v2\/categories?post=7949"},{"taxonomy":"post_tag","embeddable":true,"href":"https:\/\/jornaloalvorada.com.br\/site\/wp-json\/wp\/v2\/tags?post=7949"}],"curies":[{"name":"wp","href":"https:\/\/api.w.org\/{rel}","templated":true}]}}