{"id":7943,"date":"2024-10-28T09:31:07","date_gmt":"2024-10-28T13:31:07","guid":{"rendered":"https:\/\/jornaloalvorada.com.br\/site\/?p=7943"},"modified":"2024-10-28T09:31:09","modified_gmt":"2024-10-28T13:31:09","slug":"apenas-duas-mulheres-foram-eleitas-para-prefeituras-de-capitais","status":"publish","type":"post","link":"https:\/\/jornaloalvorada.com.br\/site\/2024\/10\/28\/apenas-duas-mulheres-foram-eleitas-para-prefeituras-de-capitais\/","title":{"rendered":"Apenas duas mulheres foram eleitas para prefeituras de capitais"},"content":{"rendered":"\n<p>As prefeitas eleitas <a href=\"https:\/\/agenciabrasil.ebc.com.br\/politica\/noticia\/2024-10\/emilia-correa-pl-e-eleita-prefeita-de-aracaju-se\" target=\"_blank\" rel=\"noreferrer noopener\">Em\u00edlia Corr\u00eaa<\/a> (Aracaju-SE), do PL, e <a href=\"https:\/\/agenciabrasil.ebc.com.br\/politica\/noticia\/2024-10\/adriane-lopes-e-reeleita-prefeita-de-campo-grande\" target=\"_blank\" rel=\"noreferrer noopener\">Adriane Lopes<\/a> (Campo Grande-MS), do PP, s\u00e3o as \u00fanicas mulheres que estar\u00e3o \u00e0 frente das administra\u00e7\u00f5es municipais entre todas as capitais brasileiras a partir de 2025. Elas venceram as elei\u00e7\u00f5es em segundo turno, neste domingo (27).&nbsp;<img decoding=\"async\" src=\"https:\/\/agenciabrasil.ebc.com.br\/ebc.png?id=1617200&amp;o=node\"><img decoding=\"async\" src=\"https:\/\/agenciabrasil.ebc.com.br\/ebc.gif?id=1617200&amp;o=node\"><\/p>\n\n\n\n<p>Outras seis candidatas chegaram \u00e0 disputa em segundo turno em capitais: Rose Modesto (em Campo Grande), do Uni\u00e3o, Nat\u00e1lia Bonavides (em Natal), do PT, Janad Valcari (em Palmas), do PL,&nbsp; Maria do Ros\u00e1rio (em Porto Alegre), do PT, Cristina Graeml (em Curitiba), do PMB,&nbsp; e Mariana Carvalho (em Porto Velho), do Uni\u00e3o. O n\u00famero representa queda com rela\u00e7\u00e3o a 2020,&nbsp;quando as candidatas em segundo turno&nbsp;eram 20.<\/p>\n\n\n\n<h2 class=\"wp-block-heading\">Aumento<\/h2>\n\n\n\n<p>No primeiro turno, entre todos os munic\u00edpios, 724 mulheres foram eleitas, o que representa&nbsp;13% das cidades que resolveram a disputa em 6 de outubro. Em 2020, foram&nbsp;663 as cidades que elegeram mulheres (12%).<\/p>\n\n\n\n<p>Segundo levantamento da Consultoria-Geral da C\u00e2mara dos Deputados, o n\u00famero de mulheres eleitas (incluindo prefeitas e vereadoras) em 2024 aumentou&nbsp;dois pontos percentuais em rela\u00e7\u00e3o \u00e0s elei\u00e7\u00f5es de 2020. Elas representam 17,92% dos eleitos este ano. Nas \u00faltimas elei\u00e7\u00f5es, foram 15,83%. H\u00e1 quatro anos, das 58 mil vagas de vereador, 9,3 mil (ou 16,13%) foram de mulheres. Em 2024, das 58,3 mil vagas, 10,6 mil (18,24%) foram ocupadas por elas.&nbsp;&nbsp;&nbsp;<\/p>\n\n\n\n<h2 class=\"wp-block-heading\">2020<\/h2>\n\n\n\n<p>No ano de 2020, nenhuma mulher foi eleita nas capitais, enquanto nas cidades com mais de 200 mil habitantes, as elas&nbsp;venceram em oito: Suellen Silva (em Bauru-SP), do Patriota, Raquel Chini (em Praia Grande-SP), do PSDB, Raquel Lyra (em Caruaru-PE), do PSDB, Elisa Gon\u00e7alves (em Uberaba-MG), do Solidariedade, Elizabeth Silveira (em Ponta Grossa-PR), do PSD, Mar\u00edlia Campo (em Contagem-MG), do PT, Margarida Salom\u00e3o (em Juiz de Fora &#8211; MG), do PT, e Paula Mascarenhas (em Pelotas &#8211; RS), do PSDB.<\/p>\n\n\n\n<p><strong><em>Fonte: Ag\u00eancia Brasil<\/em><\/strong><\/p>\n","protected":false},"excerpt":{"rendered":"<p>As prefeitas eleitas Em\u00edlia Corr\u00eaa (Aracaju-SE), do PL, e Adriane Lopes (Campo Grande-MS), do PP, s\u00e3o as \u00fanicas mulheres que<\/p>\n","protected":false},"author":1,"featured_media":7944,"comment_status":"open","ping_status":"open","sticky":false,"template":"","format":"standard","meta":{"footnotes":""},"categories":[2],"tags":[],"class_list":["post-7943","post","type-post","status-publish","format-standard","has-post-thumbnail","hentry","category-noticias"],"_links":{"self":[{"href":"https:\/\/jornaloalvorada.com.br\/site\/wp-json\/wp\/v2\/posts\/7943","targetHints":{"allow":["GET"]}}],"collection":[{"href":"https:\/\/jornaloalvorada.com.br\/site\/wp-json\/wp\/v2\/posts"}],"about":[{"href":"https:\/\/jornaloalvorada.com.br\/site\/wp-json\/wp\/v2\/types\/post"}],"author":[{"embeddable":true,"href":"https:\/\/jornaloalvorada.com.br\/site\/wp-json\/wp\/v2\/users\/1"}],"replies":[{"embeddable":true,"href":"https:\/\/jornaloalvorada.com.br\/site\/wp-json\/wp\/v2\/comments?post=7943"}],"version-history":[{"count":1,"href":"https:\/\/jornaloalvorada.com.br\/site\/wp-json\/wp\/v2\/posts\/7943\/revisions"}],"predecessor-version":[{"id":7945,"href":"https:\/\/jornaloalvorada.com.br\/site\/wp-json\/wp\/v2\/posts\/7943\/revisions\/7945"}],"wp:featuredmedia":[{"embeddable":true,"href":"https:\/\/jornaloalvorada.com.br\/site\/wp-json\/wp\/v2\/media\/7944"}],"wp:attachment":[{"href":"https:\/\/jornaloalvorada.com.br\/site\/wp-json\/wp\/v2\/media?parent=7943"}],"wp:term":[{"taxonomy":"category","embeddable":true,"href":"https:\/\/jornaloalvorada.com.br\/site\/wp-json\/wp\/v2\/categories?post=7943"},{"taxonomy":"post_tag","embeddable":true,"href":"https:\/\/jornaloalvorada.com.br\/site\/wp-json\/wp\/v2\/tags?post=7943"}],"curies":[{"name":"wp","href":"https:\/\/api.w.org\/{rel}","templated":true}]}}