{"id":7915,"date":"2024-10-25T16:09:33","date_gmt":"2024-10-25T20:09:33","guid":{"rendered":"https:\/\/jornaloalvorada.com.br\/site\/?p=7915"},"modified":"2024-10-25T16:09:35","modified_gmt":"2024-10-25T20:09:35","slug":"confira-a-programacao-em-comemoracao-ao-aniversario-de-33-anos-de-nova-alvorada-do-sul","status":"publish","type":"post","link":"https:\/\/jornaloalvorada.com.br\/site\/2024\/10\/25\/confira-a-programacao-em-comemoracao-ao-aniversario-de-33-anos-de-nova-alvorada-do-sul\/","title":{"rendered":"Confira a programa\u00e7\u00e3o em comemora\u00e7\u00e3o ao Anivers\u00e1rio de 33 anos de Nova Alvorada do Sul"},"content":{"rendered":"\n<figure class=\"wp-block-image size-full\"><img loading=\"lazy\" decoding=\"async\" width=\"1012\" height=\"1600\" src=\"https:\/\/jornaloalvorada.com.br\/site\/wp-content\/uploads\/2024\/10\/aniver.jpg\" alt=\"\" class=\"wp-image-7916\" srcset=\"https:\/\/jornaloalvorada.com.br\/site\/wp-content\/uploads\/2024\/10\/aniver.jpg 1012w, https:\/\/jornaloalvorada.com.br\/site\/wp-content\/uploads\/2024\/10\/aniver-190x300.jpg 190w, https:\/\/jornaloalvorada.com.br\/site\/wp-content\/uploads\/2024\/10\/aniver-648x1024.jpg 648w, https:\/\/jornaloalvorada.com.br\/site\/wp-content\/uploads\/2024\/10\/aniver-768x1214.jpg 768w, https:\/\/jornaloalvorada.com.br\/site\/wp-content\/uploads\/2024\/10\/aniver-972x1536.jpg 972w\" sizes=\"auto, (max-width: 1012px) 100vw, 1012px\" \/><\/figure>\n","protected":false},"excerpt":{"rendered":"","protected":false},"author":1,"featured_media":7917,"comment_status":"open","ping_status":"open","sticky":false,"template":"","format":"standard","meta":{"footnotes":""},"categories":[2],"tags":[],"class_list":["post-7915","post","type-post","status-publish","format-standard","has-post-thumbnail","hentry","category-noticias"],"_links":{"self":[{"href":"https:\/\/jornaloalvorada.com.br\/site\/wp-json\/wp\/v2\/posts\/7915","targetHints":{"allow":["GET"]}}],"collection":[{"href":"https:\/\/jornaloalvorada.com.br\/site\/wp-json\/wp\/v2\/posts"}],"about":[{"href":"https:\/\/jornaloalvorada.com.br\/site\/wp-json\/wp\/v2\/types\/post"}],"author":[{"embeddable":true,"href":"https:\/\/jornaloalvorada.com.br\/site\/wp-json\/wp\/v2\/users\/1"}],"replies":[{"embeddable":true,"href":"https:\/\/jornaloalvorada.com.br\/site\/wp-json\/wp\/v2\/comments?post=7915"}],"version-history":[{"count":1,"href":"https:\/\/jornaloalvorada.com.br\/site\/wp-json\/wp\/v2\/posts\/7915\/revisions"}],"predecessor-version":[{"id":7918,"href":"https:\/\/jornaloalvorada.com.br\/site\/wp-json\/wp\/v2\/posts\/7915\/revisions\/7918"}],"wp:featuredmedia":[{"embeddable":true,"href":"https:\/\/jornaloalvorada.com.br\/site\/wp-json\/wp\/v2\/media\/7917"}],"wp:attachment":[{"href":"https:\/\/jornaloalvorada.com.br\/site\/wp-json\/wp\/v2\/media?parent=7915"}],"wp:term":[{"taxonomy":"category","embeddable":true,"href":"https:\/\/jornaloalvorada.com.br\/site\/wp-json\/wp\/v2\/categories?post=7915"},{"taxonomy":"post_tag","embeddable":true,"href":"https:\/\/jornaloalvorada.com.br\/site\/wp-json\/wp\/v2\/tags?post=7915"}],"curies":[{"name":"wp","href":"https:\/\/api.w.org\/{rel}","templated":true}]}}