{"id":7912,"date":"2024-10-25T08:26:08","date_gmt":"2024-10-25T12:26:08","guid":{"rendered":"https:\/\/jornaloalvorada.com.br\/site\/?p=7912"},"modified":"2024-10-25T08:26:10","modified_gmt":"2024-10-25T12:26:10","slug":"prefeito-paleari-recebe-major-torres-comandante-do-2-batalhao-de-policia-militar-ambiental","status":"publish","type":"post","link":"https:\/\/jornaloalvorada.com.br\/site\/2024\/10\/25\/prefeito-paleari-recebe-major-torres-comandante-do-2-batalhao-de-policia-militar-ambiental\/","title":{"rendered":"Prefeito Paleari recebe Major Torres, comandante do 2\u00b0 Batalh\u00e3o de Pol\u00edcia Militar Ambiental"},"content":{"rendered":"\n<p>Jos\u00e9 Paulo Paleari, prefeito de Nova Alvorada do Sul, recebe a visita institucional do Major Torres, comandante do 2\u00b0 Batalh\u00e3o de Pol\u00edcia Militar Ambiental.<\/p>\n\n\n\n<p>O encontro teve como objetivo estreitar os la\u00e7os entre a prefeitura e o 2\u00b0 BPMA, visando a melhoria dos servi\u00e7os de fiscaliza\u00e7\u00e3o ambiental, resgate de animais e apoio \u00e0 educa\u00e7\u00e3o ambiental na regi\u00e3o.<\/p>\n","protected":false},"excerpt":{"rendered":"<p>Jos\u00e9 Paulo Paleari, prefeito de Nova Alvorada do Sul, recebe a visita institucional do Major Torres, comandante do 2\u00b0 Batalh\u00e3o<\/p>\n","protected":false},"author":1,"featured_media":7913,"comment_status":"open","ping_status":"open","sticky":false,"template":"","format":"standard","meta":{"footnotes":""},"categories":[2],"tags":[],"class_list":["post-7912","post","type-post","status-publish","format-standard","has-post-thumbnail","hentry","category-noticias"],"_links":{"self":[{"href":"https:\/\/jornaloalvorada.com.br\/site\/wp-json\/wp\/v2\/posts\/7912","targetHints":{"allow":["GET"]}}],"collection":[{"href":"https:\/\/jornaloalvorada.com.br\/site\/wp-json\/wp\/v2\/posts"}],"about":[{"href":"https:\/\/jornaloalvorada.com.br\/site\/wp-json\/wp\/v2\/types\/post"}],"author":[{"embeddable":true,"href":"https:\/\/jornaloalvorada.com.br\/site\/wp-json\/wp\/v2\/users\/1"}],"replies":[{"embeddable":true,"href":"https:\/\/jornaloalvorada.com.br\/site\/wp-json\/wp\/v2\/comments?post=7912"}],"version-history":[{"count":1,"href":"https:\/\/jornaloalvorada.com.br\/site\/wp-json\/wp\/v2\/posts\/7912\/revisions"}],"predecessor-version":[{"id":7914,"href":"https:\/\/jornaloalvorada.com.br\/site\/wp-json\/wp\/v2\/posts\/7912\/revisions\/7914"}],"wp:featuredmedia":[{"embeddable":true,"href":"https:\/\/jornaloalvorada.com.br\/site\/wp-json\/wp\/v2\/media\/7913"}],"wp:attachment":[{"href":"https:\/\/jornaloalvorada.com.br\/site\/wp-json\/wp\/v2\/media?parent=7912"}],"wp:term":[{"taxonomy":"category","embeddable":true,"href":"https:\/\/jornaloalvorada.com.br\/site\/wp-json\/wp\/v2\/categories?post=7912"},{"taxonomy":"post_tag","embeddable":true,"href":"https:\/\/jornaloalvorada.com.br\/site\/wp-json\/wp\/v2\/tags?post=7912"}],"curies":[{"name":"wp","href":"https:\/\/api.w.org\/{rel}","templated":true}]}}