{"id":7898,"date":"2024-10-24T09:55:26","date_gmt":"2024-10-24T13:55:26","guid":{"rendered":"https:\/\/jornaloalvorada.com.br\/site\/?p=7898"},"modified":"2024-10-24T09:55:33","modified_gmt":"2024-10-24T13:55:33","slug":"novo-feriado-confirmado-prepare-se-para-celebrar-folga-nos-dias-18-e-19-veja-locais","status":"publish","type":"post","link":"https:\/\/jornaloalvorada.com.br\/site\/2024\/10\/24\/novo-feriado-confirmado-prepare-se-para-celebrar-folga-nos-dias-18-e-19-veja-locais\/","title":{"rendered":"Novo feriado confirmado: prepare-se para celebrar folga nos dias 18 e 19; veja locais"},"content":{"rendered":"\n<p>O Rio de Janeiro ser\u00e1 palco de um evento de repercuss\u00e3o global em novembro de 2024. A cidade acolher\u00e1 a C\u00fapula <a href=\"https:\/\/terrabrasilnoticias.com\/2024\/10\/megaferiadao-de-6-dias-entenda-como-o-g20-afeta-a-cidade\/\" target=\"_blank\" rel=\"noreferrer noopener\">G20,<\/a> que reunir\u00e1 l\u00edderes de diversas na\u00e7\u00f5es, e, em decorr\u00eancia disso, os dias 18 e 19 de novembro foram decretados feriados municipais. Essa decis\u00e3o busca minimizar o impacto na mobilidade urbana e ajustar o funcionamento de servi\u00e7os durante o feriado.<\/p>\n\n\n\n<p>A implementa\u00e7\u00e3o desses feriados locais traz uma oportunidade para alguns descansarem, mas tamb\u00e9m cria desafios, especialmente para aqueles em setores que exigem opera\u00e7\u00e3o cont\u00ednua. Entender como diferentes grupos se adaptam a essa situa\u00e7\u00e3o \u00e9 essencial para garantir um funcionamento harmonioso da cidade.<\/p>\n\n\n\n<h2 class=\"wp-block-heading\">Quais Profissionais Continuam Ativos Durante Feriado?<\/h2>\n\n\n\n<figure class=\"wp-block-image\"><img decoding=\"async\" src=\"https:\/\/terrabrasilnoticias.com\/wp-content\/uploads\/2024\/09\/01-416-1024x576.jpg\" alt=\"Novo feriado confirmado: prepare-se para celebrar folga nos dias 18 e 19; veja locais\"\/><figcaption class=\"wp-element-caption\">Cr\u00e9ditos: depositphotos.com \/ haveseen<\/figcaption><\/figure>\n\n\n\n<p>Apesar da <a href=\"https:\/\/www.gov.br\/secom\/pt-br\/assuntos\/noticias\/2024\/10\/g20-cupula-social-tem-inicio-no-dia-14-de-novembro-no-rio-de-janeiro\" target=\"_blank\" rel=\"noreferrer noopener\">declara\u00e7\u00e3o dos feriados<\/a>, nem todos os trabalhadores ter\u00e3o o privil\u00e9gio de aproveitar os dias de folga. Diversas categorias ter\u00e3o que manter suas atividades para atender \u00e0 demanda intensificada durante a C\u00fapula G20. Profissionais de setores vitais, como alimenta\u00e7\u00e3o, sa\u00fade, seguran\u00e7a e transporte, desempenham pap\u00e9is que n\u00e3o podem ser interrompidos sem consequ\u00eancias.<\/p>\n\n\n\n<p><strong>Natureza do Trabalho:<\/strong> Servi\u00e7os considerados essenciais, como hospitais e transporte p\u00fablico, devem permanecer operantes para garantir o bem-estar da popula\u00e7\u00e3o e dos visitantes.<\/p>\n\n\n\n<ul class=\"wp-block-list\">\n<li><strong>Demanda Aumentada:<\/strong> Eventos de grande porte como o G20 atraem um influxo de visitantes, aumentando a necessidade por servi\u00e7os b\u00e1sicos e suporte log\u00edstico.<\/li>\n\n\n\n<li><strong>Cl\u00e1usulas Contratuais:<\/strong> Para muitos, os contratos de trabalho podem incluir disposi\u00e7\u00f5es espec\u00edficas sobre a atividade durante feriados, muitas vezes prevendo compensa\u00e7\u00e3o por horas extras.<\/li>\n<\/ul>\n\n\n\n<h2 class=\"wp-block-heading\">Impactos dos Feriados na Vida dos Trabalhadores<\/h2>\n\n\n\n<p>A distin\u00e7\u00e3o de quem trabalha ou descansa durante feriados como esses vai al\u00e9m de prefer\u00eancias e toca na realidade de estruturas contratuais e press\u00f5es econ\u00f4micas. Essa varia\u00e7\u00e3o pode gerar impactos significativos na vida dos trabalhadores envolvidos.<\/p>\n\n\n\n<ol class=\"wp-block-list\">\n<li><strong>Sobrecarga de Trabalho:<\/strong> A concentra\u00e7\u00e3o de atividades pode criar um ambiente de press\u00e3o e demanda excessiva sobre os trabalhadores ativos.<\/li>\n\n\n\n<li><strong>Consequ\u00eancias para a Sa\u00fade:<\/strong> O trabalho cont\u00ednuo pode impactar negativamente a sa\u00fade f\u00edsica e mental, levando ao esgotamento<\/li>\n\n\n\n<li><strong>Conciliando Vida Pessoal e Profissional:<\/strong> A falta de descanso em datas importantes pode prejudicar o bem-estar e as rela\u00e7\u00f5es sociais.<\/li>\n<\/ol>\n\n\n\n<h2 class=\"wp-block-heading\">Funcionamento de Restaurantes e Estabelecimentos de Alimenta\u00e7\u00e3o<\/h2>\n\n\n\n<p>Nestes dias de feriado, os estabelecimentos de alimenta\u00e7\u00e3o no Rio de Janeiro continuar\u00e3o operando normalmente. Enquanto profissionais de outros setores poder\u00e3o desfrutar dos dias de folga, cozinhas e restaurantes permanecer\u00e3o abertos para atender tanto moradores quanto visitantes internacionais, uma necessidade em fun\u00e7\u00e3o do grande evento.<\/p>\n\n\n\n<p>\u00c9 importante observar que, mesmo com a introdu\u00e7\u00e3o dos novos feriados, o Dia da Consci\u00eancia Negra, celebrado em 20 de novembro, continua tendo sua relev\u00e2ncia intacta. O dia \u00e9 destinado a reflex\u00f5es e comemora\u00e7\u00f5es da hist\u00f3ria e contribui\u00e7\u00f5es afro-brasileiras, valorizando a diversidade cultural da na\u00e7\u00e3o.<\/p>\n\n\n\n<p><strong><em>Fonte: Terra Brasil Not\u00edcias<\/em><\/strong><\/p>\n","protected":false},"excerpt":{"rendered":"<p>O Rio de Janeiro ser\u00e1 palco de um evento de repercuss\u00e3o global em novembro de 2024. A cidade acolher\u00e1 a<\/p>\n","protected":false},"author":1,"featured_media":7899,"comment_status":"open","ping_status":"open","sticky":false,"template":"","format":"standard","meta":{"footnotes":""},"categories":[2],"tags":[],"class_list":["post-7898","post","type-post","status-publish","format-standard","has-post-thumbnail","hentry","category-noticias"],"_links":{"self":[{"href":"https:\/\/jornaloalvorada.com.br\/site\/wp-json\/wp\/v2\/posts\/7898","targetHints":{"allow":["GET"]}}],"collection":[{"href":"https:\/\/jornaloalvorada.com.br\/site\/wp-json\/wp\/v2\/posts"}],"about":[{"href":"https:\/\/jornaloalvorada.com.br\/site\/wp-json\/wp\/v2\/types\/post"}],"author":[{"embeddable":true,"href":"https:\/\/jornaloalvorada.com.br\/site\/wp-json\/wp\/v2\/users\/1"}],"replies":[{"embeddable":true,"href":"https:\/\/jornaloalvorada.com.br\/site\/wp-json\/wp\/v2\/comments?post=7898"}],"version-history":[{"count":1,"href":"https:\/\/jornaloalvorada.com.br\/site\/wp-json\/wp\/v2\/posts\/7898\/revisions"}],"predecessor-version":[{"id":7900,"href":"https:\/\/jornaloalvorada.com.br\/site\/wp-json\/wp\/v2\/posts\/7898\/revisions\/7900"}],"wp:featuredmedia":[{"embeddable":true,"href":"https:\/\/jornaloalvorada.com.br\/site\/wp-json\/wp\/v2\/media\/7899"}],"wp:attachment":[{"href":"https:\/\/jornaloalvorada.com.br\/site\/wp-json\/wp\/v2\/media?parent=7898"}],"wp:term":[{"taxonomy":"category","embeddable":true,"href":"https:\/\/jornaloalvorada.com.br\/site\/wp-json\/wp\/v2\/categories?post=7898"},{"taxonomy":"post_tag","embeddable":true,"href":"https:\/\/jornaloalvorada.com.br\/site\/wp-json\/wp\/v2\/tags?post=7898"}],"curies":[{"name":"wp","href":"https:\/\/api.w.org\/{rel}","templated":true}]}}