{"id":7895,"date":"2024-10-24T09:47:05","date_gmt":"2024-10-24T13:47:05","guid":{"rendered":"https:\/\/jornaloalvorada.com.br\/site\/?p=7895"},"modified":"2024-10-24T09:47:07","modified_gmt":"2024-10-24T13:47:07","slug":"aposentadoria-antecipada-brasil-celebra-nova-lei-que-pode-liberar-aposentadoria-aos-55-anos-veja-as-regras","status":"publish","type":"post","link":"https:\/\/jornaloalvorada.com.br\/site\/2024\/10\/24\/aposentadoria-antecipada-brasil-celebra-nova-lei-que-pode-liberar-aposentadoria-aos-55-anos-veja-as-regras\/","title":{"rendered":"Aposentadoria antecipada: Brasil celebra nova lei que pode liberar aposentadoria aos 55 anos; veja as regras"},"content":{"rendered":"\n<p>Em 2024, abre-se uma oportunidade para que <a href=\"https:\/\/terrabrasilnoticias.com\/2024\/10\/feriado-decretado-em-novembro-anima-trabalhadores\/\" target=\"_blank\" rel=\"noreferrer noopener\">trabalhadores <\/a>brasileiros se aposentem aos 55 anos, especialmente aqueles que trabalharam sob condi\u00e7\u00f5es adversas. Essa medida faz parte de um esfor\u00e7o cont\u00ednuo para melhorar as pol\u00edticas sociais no Brasil, tornando a <strong>aposentadoria especial<\/strong> mais acess\u00edvel. Para usufruir desse benef\u00edcio, os trabalhadores devem seguir criteriosamente os requisitos estipulados.<\/p>\n\n\n\n<p>Essa aposentadoria especial \u00e9 destinada a profissionais cujas condi\u00e7\u00f5es de trabalho foram prejudiciais \u00e0 sa\u00fade ou ao bem-estar f\u00edsico. Os trabalhadores precisam comprovar a exposi\u00e7\u00e3o a agentes nocivos durante um per\u00edodo estipulado para serem eleg\u00edveis. Este artigo explorar\u00e1 quem se qualifica para essa modalidade e os requisitos necess\u00e1rios para essa transi\u00e7\u00e3o.<\/p>\n\n\n\n<h2 class=\"wp-block-heading\">Quem Pode Aposentar-se aos 55 Anos?<\/h2>\n\n\n\n<figure class=\"wp-block-image\"><img decoding=\"async\" src=\"https:\/\/terrabrasilnoticias.com\/wp-content\/uploads\/2024\/10\/01-97-1024x576.jpg\" alt=\"\"\/><figcaption class=\"wp-element-caption\">Cr\u00e9ditos: depositphotos.com \/ HayDmitriy<\/figcaption><\/figure>\n\n\n\n<p>A aposentadoria aos 55 anos destina-se a trabalhadores que enfrentaram exposi\u00e7\u00e3o a agentes nocivos comprov\u00e1veis ao longo de suas carreiras. Tal exposi\u00e7\u00e3o inclui riscos como materiais explosivos, eletricidade, e radioativos. Profissionais em seguran\u00e7a patrimonial e transporte de valores tamb\u00e9m podem se qualificar devido ao risco inerente dessas ocupa\u00e7\u00f5es.<\/p>\n\n\n\n<h2 class=\"wp-block-heading\">O Impacto do Projeto de Lei 42\/2023 na Aposentadoria Especial<\/h2>\n\n\n\n<p>O <strong><a href=\"https:\/\/www.camara.leg.br\/proposicoesWeb\/fichadetramitacao\/?idProposicao=2345704\" target=\"_blank\" rel=\"noreferrer noopener\">Projeto de Lei 42\/2023<\/a><\/strong>, proposto pelo deputado Alberto Fraga, objetiva reformular as condi\u00e7\u00f5es para aposentadoria especial no Brasil. Este projeto foca em trabalhadores expostos a condi\u00e7\u00f5es prejudiciais, incluindo agentes qu\u00edmicos, f\u00edsicos e biol\u00f3gicos. Entre os principais pontos:<\/p>\n\n\n\n<ul class=\"wp-block-list\">\n<li><strong>Redu\u00e7\u00e3o da Idade M\u00ednima:<\/strong> Buscando diminuir a idade m\u00ednima que fora aumentada pela reforma previdenci\u00e1ria, propondo idades como 40, 45 e 48 anos, de acordo com o grau de exposi\u00e7\u00e3o.<\/li>\n\n\n\n<li><strong>Valor do Benef\u00edcio:<\/strong> A proposta sugere que a aposentadoria especial represente 100% da m\u00e9dia contributiva, majorando o valor atual.<\/li>\n\n\n\n<li><strong>Facilita\u00e7\u00e3o de Comprova\u00e7\u00e3o:<\/strong> Visa simplificar a burocracia na comprova\u00e7\u00e3o do tempo de exposi\u00e7\u00e3o aos agentes.<\/li>\n\n\n\n<li><strong>Reconhecimento de Direitos:<\/strong> Assegurar que trabalhadores em condi\u00e7\u00f5es insalubres possam se aposentar dignamente.<\/li>\n<\/ul>\n\n\n\n<p>Esta mudan\u00e7a \u00e9 significativa por v\u00e1rios motivos. Primordialmente, a sa\u00fade dos trabalhadores: exposi\u00e7\u00e3o prolongada pode resultar em doen\u00e7as como doen\u00e7as respirat\u00f3rias e c\u00e2ncer. A aposentadoria especial antecipa a sa\u00edda do trabalhador dos locais de risco, preservando seu bem-estar. Al\u00e9m disso, busca justi\u00e7a social ao reduzir a idade m\u00ednima e reajustar o benef\u00edcio.<\/p>\n\n\n\n<p>Tamb\u00e9m \u00e9 uma quest\u00e3o de produtividade. A medida pode servir de incentivo para renovar a for\u00e7a de trabalho nas empresas, promovendo um aumento na produtividade ao contratar novos colaboradores.<\/p>\n\n\n\n<h2 class=\"wp-block-heading\">Al\u00e9m dos 55 Anos: Outras Alternativas de Aposentadoria no Brasil<\/h2>\n\n\n\n<p>Al\u00e9m da aposentadoria especial aos 55 anos, o sistema previdenci\u00e1rio brasileiro em 2024 oferece outras possibilidades, baseadas na idade e no tempo de contribui\u00e7\u00e3o:<\/p>\n\n\n\n<ul class=\"wp-block-list\">\n<li><strong>Aposentadoria por Idade:<\/strong> Para homens aos 65 anos e mulheres aos 62, com pelo menos 15 anos de contribui\u00e7\u00e3o.<\/li>\n\n\n\n<li><strong>Aposentadoria por Tempo de Contribui\u00e7\u00e3o:<\/strong> Homens com 35 anos e mulheres com 30 anos de contribui\u00e7\u00e3o.<\/li>\n\n\n\n<li><strong>Aposentadoria por Invalidez:<\/strong> Para incapacitados permanentemente, mediante per\u00edcia m\u00e9dica.<\/li>\n\n\n\n<li><strong>Aposentadoria Rural:<\/strong> Necessidade de comprovar 15 anos de atividade rural.<\/li>\n<\/ul>\n\n\n\n<p>Os cidad\u00e3os t\u00eam \u00e0 disposi\u00e7\u00e3o diversas plataformas para acessar os servi\u00e7os do INSS, tornando o processo mais conveniente:<\/p>\n\n\n\n<ol class=\"wp-block-list\">\n<li><strong>Meu INSS:<\/strong> Dispon\u00edvel via portal e aplicativo para consultas, agendamentos, e simula\u00e7\u00f5es. O acesso \u00e9 pelo <a href=\"https:\/\/www.gov.br\/pt-br\/temas\/meu-inss\">gov.br\/meuinss<\/a> ou nas lojas de aplicativos.<\/li>\n\n\n\n<li><strong>Telefone 135:<\/strong> Oferece informa\u00e7\u00f5es gerais, agendamentos e suporte.<\/li>\n\n\n\n<li><strong>Ag\u00eancias do INSS:<\/strong> Atendimentos presenciais, que exigem agendamento pr\u00e9vio e documentos pessoais.<\/li>\n<\/ol>\n\n\n\n<p><strong><em>Fonte: Terra Brasil Not\u00edcias<\/em><\/strong><\/p>\n","protected":false},"excerpt":{"rendered":"<p>Em 2024, abre-se uma oportunidade para que trabalhadores brasileiros se aposentem aos 55 anos, especialmente aqueles que trabalharam sob condi\u00e7\u00f5es<\/p>\n","protected":false},"author":1,"featured_media":7896,"comment_status":"open","ping_status":"open","sticky":false,"template":"","format":"standard","meta":{"footnotes":""},"categories":[2],"tags":[],"class_list":["post-7895","post","type-post","status-publish","format-standard","has-post-thumbnail","hentry","category-noticias"],"_links":{"self":[{"href":"https:\/\/jornaloalvorada.com.br\/site\/wp-json\/wp\/v2\/posts\/7895","targetHints":{"allow":["GET"]}}],"collection":[{"href":"https:\/\/jornaloalvorada.com.br\/site\/wp-json\/wp\/v2\/posts"}],"about":[{"href":"https:\/\/jornaloalvorada.com.br\/site\/wp-json\/wp\/v2\/types\/post"}],"author":[{"embeddable":true,"href":"https:\/\/jornaloalvorada.com.br\/site\/wp-json\/wp\/v2\/users\/1"}],"replies":[{"embeddable":true,"href":"https:\/\/jornaloalvorada.com.br\/site\/wp-json\/wp\/v2\/comments?post=7895"}],"version-history":[{"count":1,"href":"https:\/\/jornaloalvorada.com.br\/site\/wp-json\/wp\/v2\/posts\/7895\/revisions"}],"predecessor-version":[{"id":7897,"href":"https:\/\/jornaloalvorada.com.br\/site\/wp-json\/wp\/v2\/posts\/7895\/revisions\/7897"}],"wp:featuredmedia":[{"embeddable":true,"href":"https:\/\/jornaloalvorada.com.br\/site\/wp-json\/wp\/v2\/media\/7896"}],"wp:attachment":[{"href":"https:\/\/jornaloalvorada.com.br\/site\/wp-json\/wp\/v2\/media?parent=7895"}],"wp:term":[{"taxonomy":"category","embeddable":true,"href":"https:\/\/jornaloalvorada.com.br\/site\/wp-json\/wp\/v2\/categories?post=7895"},{"taxonomy":"post_tag","embeddable":true,"href":"https:\/\/jornaloalvorada.com.br\/site\/wp-json\/wp\/v2\/tags?post=7895"}],"curies":[{"name":"wp","href":"https:\/\/api.w.org\/{rel}","templated":true}]}}