{"id":7892,"date":"2024-10-24T09:44:13","date_gmt":"2024-10-24T13:44:13","guid":{"rendered":"https:\/\/jornaloalvorada.com.br\/site\/?p=7892"},"modified":"2024-10-24T09:44:15","modified_gmt":"2024-10-24T13:44:15","slug":"dupla-sertaneja-de-nova-alvorada-do-sul-e-confirmada-no-festival-do-sbtms-talento-sertanejo","status":"publish","type":"post","link":"https:\/\/jornaloalvorada.com.br\/site\/2024\/10\/24\/dupla-sertaneja-de-nova-alvorada-do-sul-e-confirmada-no-festival-do-sbtms-talento-sertanejo\/","title":{"rendered":"Dupla sertaneja de Nova Alvorada do Sul \u00e9 confirmada no festival do SBTMS Talento Sertanejo"},"content":{"rendered":"\n<p>A dupla sertaneja Mateus em Dose Dupla, formada por Matheus Rocha e Mateus Crispim, est\u00e3o entre os 24 selecionados do festival SBTMS Talento Sertanejo, que contou com mais de 700 inscritos.&nbsp;<\/p>\n\n\n\n<p>Os dois jovens, naturais de Nova Alvorada do Sul, chamaram a aten\u00e7\u00e3o dos jurados pelo talento.<\/p>\n\n\n\n<p>O Talento Sertanejo n\u00e3o \u00e9 apenas mais um programa de televis\u00e3o; \u00e9 uma verdadeira celebra\u00e7\u00e3o da cultura musical do nosso estado. Com uma proposta envolvente, a competi\u00e7\u00e3o visa descobrir novos artistas que representam a paix\u00e3o pelo sertanejo. Andreoli destaca a import\u00e2ncia desse projeto, reafirmando: \u201cA m\u00fasica est\u00e1 no DNA do SBT, e a sertaneja \u00e9 um dos grandes valores do nosso estado.\u201d<\/p>\n\n\n\n<p>Prepare-se para conhecer os novos \u00edcones da m\u00fasica sertaneja!<\/p>\n\n\n\n<p><strong><em>Fonte: Folha da Cidade<\/em><\/strong><\/p>\n","protected":false},"excerpt":{"rendered":"<p>A dupla sertaneja Mateus em Dose Dupla, formada por Matheus Rocha e Mateus Crispim, est\u00e3o entre os 24 selecionados do<\/p>\n","protected":false},"author":1,"featured_media":7893,"comment_status":"open","ping_status":"open","sticky":false,"template":"","format":"standard","meta":{"footnotes":""},"categories":[3],"tags":[],"class_list":["post-7892","post","type-post","status-publish","format-standard","has-post-thumbnail","hentry","category-social"],"_links":{"self":[{"href":"https:\/\/jornaloalvorada.com.br\/site\/wp-json\/wp\/v2\/posts\/7892","targetHints":{"allow":["GET"]}}],"collection":[{"href":"https:\/\/jornaloalvorada.com.br\/site\/wp-json\/wp\/v2\/posts"}],"about":[{"href":"https:\/\/jornaloalvorada.com.br\/site\/wp-json\/wp\/v2\/types\/post"}],"author":[{"embeddable":true,"href":"https:\/\/jornaloalvorada.com.br\/site\/wp-json\/wp\/v2\/users\/1"}],"replies":[{"embeddable":true,"href":"https:\/\/jornaloalvorada.com.br\/site\/wp-json\/wp\/v2\/comments?post=7892"}],"version-history":[{"count":1,"href":"https:\/\/jornaloalvorada.com.br\/site\/wp-json\/wp\/v2\/posts\/7892\/revisions"}],"predecessor-version":[{"id":7894,"href":"https:\/\/jornaloalvorada.com.br\/site\/wp-json\/wp\/v2\/posts\/7892\/revisions\/7894"}],"wp:featuredmedia":[{"embeddable":true,"href":"https:\/\/jornaloalvorada.com.br\/site\/wp-json\/wp\/v2\/media\/7893"}],"wp:attachment":[{"href":"https:\/\/jornaloalvorada.com.br\/site\/wp-json\/wp\/v2\/media?parent=7892"}],"wp:term":[{"taxonomy":"category","embeddable":true,"href":"https:\/\/jornaloalvorada.com.br\/site\/wp-json\/wp\/v2\/categories?post=7892"},{"taxonomy":"post_tag","embeddable":true,"href":"https:\/\/jornaloalvorada.com.br\/site\/wp-json\/wp\/v2\/tags?post=7892"}],"curies":[{"name":"wp","href":"https:\/\/api.w.org\/{rel}","templated":true}]}}