{"id":7876,"date":"2024-10-23T13:37:51","date_gmt":"2024-10-23T17:37:51","guid":{"rendered":"https:\/\/jornaloalvorada.com.br\/site\/?p=7876"},"modified":"2024-10-23T13:37:53","modified_gmt":"2024-10-23T17:37:53","slug":"pf-fecha-hotel-em-dourados-em-operacao-contra-contrabando-e-prejuizo-de-r-3-milhoes","status":"publish","type":"post","link":"https:\/\/jornaloalvorada.com.br\/site\/2024\/10\/23\/pf-fecha-hotel-em-dourados-em-operacao-contra-contrabando-e-prejuizo-de-r-3-milhoes\/","title":{"rendered":"PF fecha hotel em Dourados em opera\u00e7\u00e3o contra contrabando e preju\u00edzo de R$ 3 milh\u00f5es"},"content":{"rendered":"\n<p>A Pol\u00edcia Federal e a Receita Federal deflagraram, nesta quarta-feira (22), a Opera\u00e7\u00e3o Toque de Sil\u00eancio, contra o esquema de contrabando que usava um hotel em Dourados, a 223 quil\u00f4metros da Capital. O preju\u00edzo estimado aos cofres p\u00fablicos \u00e9 de R$ 3 milh\u00f5es e o hotel foi fechado.<\/p>\n\n\n\n<p>A opera\u00e7\u00e3o deflagrada pela Pol\u00edcia Federal e Receita Federal no dia de hoje j\u00e1 havia reca\u00eddo sobre o principal alvo na opera\u00e7\u00e3o Fronteira Legal, deflagrada em 23 de setembro de 2021.&nbsp;Com a profundidade das investiga\u00e7\u00f5es foi identificado com precis\u00e3o o modus operandi dos investigados que utilizavam o hotel de forma est\u00e1vel e permanente na reitera\u00e7\u00e3o e apoio aos crimes, bem como HUB\/dep\u00f3sito\/entreposto de mercadorias ilegais de origem Paraguaia.<\/p>\n\n\n\n<p>\u201cAinda se verificou que os investigados buscavam\u00a0esquivar-se\u00a0da a\u00e7\u00e3o policial\/fiscal, evitando abordagens policiais ante a prote\u00e7\u00e3o constitucional do domic\u00edlio e tamb\u00e9m estabelecer a troca de \u2018equipes\u2019 com divis\u00e3o de tarefas e fracionamento do percurso, al\u00e9m da divis\u00e3o da mercadoria de forma que, em caso de apreens\u00e3o, essa n\u00e3o fosse perdida em sua totalidade\u201d, informou a PF.<\/p>\n\n\n\n<p>Foram identificadas diversas pessoas presas em flagrantes devido ao fato de transportarem mercadorias que adentraram o territ\u00f3rio nacional de forma irregular, como cigarros, perfumes, eletr\u00f4nicos, rel\u00f3gios, roupas, equipamentos para a pesca, ess\u00eancia de narguile, m\u00e1quina de fazer aplica\u00e7\u00e3o de pel\u00edcula de celular, dentre outras. Em depoimento, esses flagranteados informaram que iriam armazenar seus produtos no \u201chotel\u201d objeto dessa a\u00e7\u00e3o e muitos deles ratificaram a participa\u00e7\u00e3o efetiva do s\u00f3cio propriet\u00e1rio.<\/p>\n\n\n\n<p>O n\u00famero de mandados de busca e apreens\u00e3o e pris\u00e3o preventiva cumpridos n\u00e3o foram informados.<\/p>\n\n\n\n<p><strong><em>Fonte: O Jacar\u00e9<\/em><\/strong><\/p>\n","protected":false},"excerpt":{"rendered":"<p>A Pol\u00edcia Federal e a Receita Federal deflagraram, nesta quarta-feira (22), a Opera\u00e7\u00e3o Toque de Sil\u00eancio, contra o esquema de<\/p>\n","protected":false},"author":1,"featured_media":7877,"comment_status":"open","ping_status":"open","sticky":false,"template":"","format":"standard","meta":{"footnotes":""},"categories":[2],"tags":[],"class_list":["post-7876","post","type-post","status-publish","format-standard","has-post-thumbnail","hentry","category-noticias"],"_links":{"self":[{"href":"https:\/\/jornaloalvorada.com.br\/site\/wp-json\/wp\/v2\/posts\/7876","targetHints":{"allow":["GET"]}}],"collection":[{"href":"https:\/\/jornaloalvorada.com.br\/site\/wp-json\/wp\/v2\/posts"}],"about":[{"href":"https:\/\/jornaloalvorada.com.br\/site\/wp-json\/wp\/v2\/types\/post"}],"author":[{"embeddable":true,"href":"https:\/\/jornaloalvorada.com.br\/site\/wp-json\/wp\/v2\/users\/1"}],"replies":[{"embeddable":true,"href":"https:\/\/jornaloalvorada.com.br\/site\/wp-json\/wp\/v2\/comments?post=7876"}],"version-history":[{"count":1,"href":"https:\/\/jornaloalvorada.com.br\/site\/wp-json\/wp\/v2\/posts\/7876\/revisions"}],"predecessor-version":[{"id":7878,"href":"https:\/\/jornaloalvorada.com.br\/site\/wp-json\/wp\/v2\/posts\/7876\/revisions\/7878"}],"wp:featuredmedia":[{"embeddable":true,"href":"https:\/\/jornaloalvorada.com.br\/site\/wp-json\/wp\/v2\/media\/7877"}],"wp:attachment":[{"href":"https:\/\/jornaloalvorada.com.br\/site\/wp-json\/wp\/v2\/media?parent=7876"}],"wp:term":[{"taxonomy":"category","embeddable":true,"href":"https:\/\/jornaloalvorada.com.br\/site\/wp-json\/wp\/v2\/categories?post=7876"},{"taxonomy":"post_tag","embeddable":true,"href":"https:\/\/jornaloalvorada.com.br\/site\/wp-json\/wp\/v2\/tags?post=7876"}],"curies":[{"name":"wp","href":"https:\/\/api.w.org\/{rel}","templated":true}]}}