{"id":7873,"date":"2024-10-23T13:33:20","date_gmt":"2024-10-23T17:33:20","guid":{"rendered":"https:\/\/jornaloalvorada.com.br\/site\/?p=7873"},"modified":"2024-10-23T13:33:22","modified_gmt":"2024-10-23T17:33:22","slug":"aniversario-de-roni-cesar","status":"publish","type":"post","link":"https:\/\/jornaloalvorada.com.br\/site\/2024\/10\/23\/aniversario-de-roni-cesar\/","title":{"rendered":"Anivers\u00e1rio de Roni C\u00e9sar"},"content":{"rendered":"\n<p>NIVER-IMPLACOU IDADE NOVA NESTE 22DE OUTUBRO-O DIN\u00c2MICO RONI C\u00c9SAR!PARAB\u00c9NS!FELICIDADES!<\/p>\n","protected":false},"excerpt":{"rendered":"<p>NIVER-IMPLACOU IDADE NOVA NESTE 22DE OUTUBRO-O DIN\u00c2MICO RONI C\u00c9SAR!PARAB\u00c9NS!FELICIDADES!<\/p>\n","protected":false},"author":1,"featured_media":7874,"comment_status":"open","ping_status":"open","sticky":false,"template":"","format":"standard","meta":{"footnotes":""},"categories":[3],"tags":[],"class_list":["post-7873","post","type-post","status-publish","format-standard","has-post-thumbnail","hentry","category-social"],"_links":{"self":[{"href":"https:\/\/jornaloalvorada.com.br\/site\/wp-json\/wp\/v2\/posts\/7873","targetHints":{"allow":["GET"]}}],"collection":[{"href":"https:\/\/jornaloalvorada.com.br\/site\/wp-json\/wp\/v2\/posts"}],"about":[{"href":"https:\/\/jornaloalvorada.com.br\/site\/wp-json\/wp\/v2\/types\/post"}],"author":[{"embeddable":true,"href":"https:\/\/jornaloalvorada.com.br\/site\/wp-json\/wp\/v2\/users\/1"}],"replies":[{"embeddable":true,"href":"https:\/\/jornaloalvorada.com.br\/site\/wp-json\/wp\/v2\/comments?post=7873"}],"version-history":[{"count":1,"href":"https:\/\/jornaloalvorada.com.br\/site\/wp-json\/wp\/v2\/posts\/7873\/revisions"}],"predecessor-version":[{"id":7875,"href":"https:\/\/jornaloalvorada.com.br\/site\/wp-json\/wp\/v2\/posts\/7873\/revisions\/7875"}],"wp:featuredmedia":[{"embeddable":true,"href":"https:\/\/jornaloalvorada.com.br\/site\/wp-json\/wp\/v2\/media\/7874"}],"wp:attachment":[{"href":"https:\/\/jornaloalvorada.com.br\/site\/wp-json\/wp\/v2\/media?parent=7873"}],"wp:term":[{"taxonomy":"category","embeddable":true,"href":"https:\/\/jornaloalvorada.com.br\/site\/wp-json\/wp\/v2\/categories?post=7873"},{"taxonomy":"post_tag","embeddable":true,"href":"https:\/\/jornaloalvorada.com.br\/site\/wp-json\/wp\/v2\/tags?post=7873"}],"curies":[{"name":"wp","href":"https:\/\/api.w.org\/{rel}","templated":true}]}}