{"id":7867,"date":"2024-10-23T10:37:44","date_gmt":"2024-10-23T14:37:44","guid":{"rendered":"https:\/\/jornaloalvorada.com.br\/site\/?p=7867"},"modified":"2024-10-23T10:37:47","modified_gmt":"2024-10-23T14:37:47","slug":"prefeitura-de-nova-alvorada-do-sul-realiza-entrega-de-43-tablets-aos-agentes-comunitarios-de-saude","status":"publish","type":"post","link":"https:\/\/jornaloalvorada.com.br\/site\/2024\/10\/23\/prefeitura-de-nova-alvorada-do-sul-realiza-entrega-de-43-tablets-aos-agentes-comunitarios-de-saude\/","title":{"rendered":"Prefeitura de Nova Alvorada do Sul realiza entrega de 43 tablets aos Agentes Comunit\u00e1rios de Sa\u00fade"},"content":{"rendered":"\n<p>A Prefeitura Municipal, em parceria com o Governo do Estado, realizou a entrega de 43 tablets aos Agentes Comunit\u00e1rios de Sa\u00fade (ACS) do munic\u00edpio. Essa iniciativa faz parte do programa estadual APS Digital, que visa modernizar e otimizar a Aten\u00e7\u00e3o Prim\u00e1ria \u00e0 Sa\u00fade (APS).<\/p>\n\n\n\n<p>Com os novos equipamentos, os ACS poder\u00e3o realizar suas atividades de forma mais eficiente, como o registro de visitas domiciliares, acompanhamento de pacientes cr\u00f4nicos e coleta de dados para a produ\u00e7\u00e3o de relat\u00f3rios. A utiliza\u00e7\u00e3o dos tablets, que atendem \u00e0 Resolu\u00e7\u00e3o 272, permitir\u00e1 um monitoramento mais preciso da sa\u00fade da popula\u00e7\u00e3o e a tomada de decis\u00f5es mais assertivas pelas equipes de sa\u00fade.<\/p>\n\n\n\n<figure class=\"wp-block-image size-full\"><img loading=\"lazy\" decoding=\"async\" width=\"800\" height=\"450\" src=\"https:\/\/jornaloalvorada.com.br\/site\/wp-content\/uploads\/2024\/10\/tabelt11.jpg\" alt=\"\" class=\"wp-image-7870\" srcset=\"https:\/\/jornaloalvorada.com.br\/site\/wp-content\/uploads\/2024\/10\/tabelt11.jpg 800w, https:\/\/jornaloalvorada.com.br\/site\/wp-content\/uploads\/2024\/10\/tabelt11-300x169.jpg 300w, https:\/\/jornaloalvorada.com.br\/site\/wp-content\/uploads\/2024\/10\/tabelt11-768x432.jpg 768w\" sizes=\"auto, (max-width: 800px) 100vw, 800px\" \/><\/figure>\n\n\n\n<figure class=\"wp-block-image size-full\"><img loading=\"lazy\" decoding=\"async\" width=\"800\" height=\"450\" src=\"https:\/\/jornaloalvorada.com.br\/site\/wp-content\/uploads\/2024\/10\/tabelt21.jpg\" alt=\"\" class=\"wp-image-7871\" srcset=\"https:\/\/jornaloalvorada.com.br\/site\/wp-content\/uploads\/2024\/10\/tabelt21.jpg 800w, https:\/\/jornaloalvorada.com.br\/site\/wp-content\/uploads\/2024\/10\/tabelt21-300x169.jpg 300w, https:\/\/jornaloalvorada.com.br\/site\/wp-content\/uploads\/2024\/10\/tabelt21-768x432.jpg 768w\" sizes=\"auto, (max-width: 800px) 100vw, 800px\" \/><\/figure>\n","protected":false},"excerpt":{"rendered":"<p>A Prefeitura Municipal, em parceria com o Governo do Estado, realizou a entrega de 43 tablets aos Agentes Comunit\u00e1rios de<\/p>\n","protected":false},"author":1,"featured_media":7869,"comment_status":"open","ping_status":"open","sticky":false,"template":"","format":"standard","meta":{"footnotes":""},"categories":[2],"tags":[],"class_list":["post-7867","post","type-post","status-publish","format-standard","has-post-thumbnail","hentry","category-noticias"],"_links":{"self":[{"href":"https:\/\/jornaloalvorada.com.br\/site\/wp-json\/wp\/v2\/posts\/7867","targetHints":{"allow":["GET"]}}],"collection":[{"href":"https:\/\/jornaloalvorada.com.br\/site\/wp-json\/wp\/v2\/posts"}],"about":[{"href":"https:\/\/jornaloalvorada.com.br\/site\/wp-json\/wp\/v2\/types\/post"}],"author":[{"embeddable":true,"href":"https:\/\/jornaloalvorada.com.br\/site\/wp-json\/wp\/v2\/users\/1"}],"replies":[{"embeddable":true,"href":"https:\/\/jornaloalvorada.com.br\/site\/wp-json\/wp\/v2\/comments?post=7867"}],"version-history":[{"count":1,"href":"https:\/\/jornaloalvorada.com.br\/site\/wp-json\/wp\/v2\/posts\/7867\/revisions"}],"predecessor-version":[{"id":7872,"href":"https:\/\/jornaloalvorada.com.br\/site\/wp-json\/wp\/v2\/posts\/7867\/revisions\/7872"}],"wp:featuredmedia":[{"embeddable":true,"href":"https:\/\/jornaloalvorada.com.br\/site\/wp-json\/wp\/v2\/media\/7869"}],"wp:attachment":[{"href":"https:\/\/jornaloalvorada.com.br\/site\/wp-json\/wp\/v2\/media?parent=7867"}],"wp:term":[{"taxonomy":"category","embeddable":true,"href":"https:\/\/jornaloalvorada.com.br\/site\/wp-json\/wp\/v2\/categories?post=7867"},{"taxonomy":"post_tag","embeddable":true,"href":"https:\/\/jornaloalvorada.com.br\/site\/wp-json\/wp\/v2\/tags?post=7867"}],"curies":[{"name":"wp","href":"https:\/\/api.w.org\/{rel}","templated":true}]}}