{"id":7841,"date":"2024-10-22T10:29:31","date_gmt":"2024-10-22T14:29:31","guid":{"rendered":"https:\/\/jornaloalvorada.com.br\/site\/?p=7841"},"modified":"2024-10-22T10:29:34","modified_gmt":"2024-10-22T14:29:34","slug":"aniversario-de-rones-cezar","status":"publish","type":"post","link":"https:\/\/jornaloalvorada.com.br\/site\/2024\/10\/22\/aniversario-de-rones-cezar\/","title":{"rendered":"Anivers\u00e1rio de Rones Cezar"},"content":{"rendered":"\n<p>Hoje celebramos os 54 anos do rep\u00f3rter Rones Cezar, uma figura respeitada por sua dedica\u00e7\u00e3o e impacto em Nova Alvorada do Sul. Ao longo de sua carreira, Rones tem se destacado pelo compromisso com a informa\u00e7\u00e3o e pela contribui\u00e7\u00e3o significativa \u00e0 comunidade, tornando-se uma refer\u00eancia de servi\u00e7o p\u00fablico. Sua atua\u00e7\u00e3o constante e cuidadosa tem sido fundamental para o progresso local. Que esta nova fase da vida seja marcada por muitas realiza\u00e7\u00f5es, sa\u00fade e sucesso!<\/p>\n","protected":false},"excerpt":{"rendered":"<p>Hoje celebramos os 54 anos do rep\u00f3rter Rones Cezar, uma figura respeitada por sua dedica\u00e7\u00e3o e impacto em Nova Alvorada<\/p>\n","protected":false},"author":1,"featured_media":7842,"comment_status":"open","ping_status":"open","sticky":false,"template":"","format":"standard","meta":{"footnotes":""},"categories":[3],"tags":[],"class_list":["post-7841","post","type-post","status-publish","format-standard","has-post-thumbnail","hentry","category-social"],"_links":{"self":[{"href":"https:\/\/jornaloalvorada.com.br\/site\/wp-json\/wp\/v2\/posts\/7841","targetHints":{"allow":["GET"]}}],"collection":[{"href":"https:\/\/jornaloalvorada.com.br\/site\/wp-json\/wp\/v2\/posts"}],"about":[{"href":"https:\/\/jornaloalvorada.com.br\/site\/wp-json\/wp\/v2\/types\/post"}],"author":[{"embeddable":true,"href":"https:\/\/jornaloalvorada.com.br\/site\/wp-json\/wp\/v2\/users\/1"}],"replies":[{"embeddable":true,"href":"https:\/\/jornaloalvorada.com.br\/site\/wp-json\/wp\/v2\/comments?post=7841"}],"version-history":[{"count":1,"href":"https:\/\/jornaloalvorada.com.br\/site\/wp-json\/wp\/v2\/posts\/7841\/revisions"}],"predecessor-version":[{"id":7843,"href":"https:\/\/jornaloalvorada.com.br\/site\/wp-json\/wp\/v2\/posts\/7841\/revisions\/7843"}],"wp:featuredmedia":[{"embeddable":true,"href":"https:\/\/jornaloalvorada.com.br\/site\/wp-json\/wp\/v2\/media\/7842"}],"wp:attachment":[{"href":"https:\/\/jornaloalvorada.com.br\/site\/wp-json\/wp\/v2\/media?parent=7841"}],"wp:term":[{"taxonomy":"category","embeddable":true,"href":"https:\/\/jornaloalvorada.com.br\/site\/wp-json\/wp\/v2\/categories?post=7841"},{"taxonomy":"post_tag","embeddable":true,"href":"https:\/\/jornaloalvorada.com.br\/site\/wp-json\/wp\/v2\/tags?post=7841"}],"curies":[{"name":"wp","href":"https:\/\/api.w.org\/{rel}","templated":true}]}}