{"id":7839,"date":"2024-10-22T07:35:00","date_gmt":"2024-10-22T11:35:00","guid":{"rendered":"https:\/\/jornaloalvorada.com.br\/site\/?p=7839"},"modified":"2024-10-22T08:37:19","modified_gmt":"2024-10-22T12:37:19","slug":"novas-regras-para-trabalhar-nos-domingos-e-feriados-foram-publicadas-veja-o-que-muda","status":"publish","type":"post","link":"https:\/\/jornaloalvorada.com.br\/site\/2024\/10\/22\/novas-regras-para-trabalhar-nos-domingos-e-feriados-foram-publicadas-veja-o-que-muda\/","title":{"rendered":"Novas regras para trabalhar nos domingos e feriados foram publicadas; veja o que muda"},"content":{"rendered":"\n<p>Em meio a debates intensos e buscando harmonizar os interesses de diferentes setores, o Minist\u00e9rio do Trabalho do Brasil promulgou, em novembro de 2023, uma nova portaria que redefine as diretrizes para o trabalho em feriados. Esta regulamenta\u00e7\u00e3o, que entra em vigor em 1\u00ba de janeiro de 2025, representa um esfor\u00e7o concertado para proteger os direitos dos trabalhadores e, ao mesmo tempo, abordar preocupa\u00e7\u00f5es econ\u00f4micas.<\/p>\n\n\n\n<p>A portaria introduz uma necessidade de autoriza\u00e7\u00e3o pr\u00e9via via conven\u00e7\u00e3o coletiva para a opera\u00e7\u00e3o nos feriados, revogando normas anteriores que permitiam maior flexibilidade sem a aprova\u00e7\u00e3o sindical. Esta mudan\u00e7a se aprofunda nas negocia\u00e7\u00f5es entre sindicatos, empregadores e o governo, refletindo uma tentativa de ajuste \u00e0s din\u00e2micas sociais e econ\u00f4micas atuais.<\/p>\n\n\n\n<h2 class=\"wp-block-heading\">Qual o Conte\u00fado da Nova Portaria?<\/h2>\n\n\n\n<p>O principal objetivo da nova portaria \u00e9 estabelecer um cen\u00e1rio mais controlado e regulamentado para o trabalho em feriados, obrigando a obten\u00e7\u00e3o de autoriza\u00e7\u00e3o formal por meio de acordos coletivos. Esta abordagem est\u00e1 alinhada com a inten\u00e7\u00e3o de seguir a legisla\u00e7\u00e3o municipal vigente e a Lei 10.101\/2000, que enfatiza o papel das conven\u00e7\u00f5es coletivas no processamento de exce\u00e7\u00f5es \u00e0 regra geral.<\/p>\n\n\n\n<p>Entre as principais mudan\u00e7as est\u00e3o:<\/p>\n\n\n\n<ul class=\"wp-block-list\">\n<li>A proibi\u00e7\u00e3o do trabalho em feriados sem um acordo pr\u00e9vio aprovado por conven\u00e7\u00e3o coletiva.<\/li>\n\n\n\n<li>A revoga\u00e7\u00e3o da portaria de 2021, que permitia o trabalho nos feriados sem a autoriza\u00e7\u00e3o sindical, refor\u00e7ando, assim, a primazia das negocia\u00e7\u00f5es coletivas.<\/li>\n<\/ul>\n\n\n\n<p>Esta mudan\u00e7a provisiona um refor\u00e7o na prote\u00e7\u00e3o dos trabalhadores, mas tamb\u00e9m incita preocupa\u00e7\u00f5es no ambiente empresarial sobre o potencial impacto econ\u00f4mico.<\/p>\n\n\n\n<h2 class=\"wp-block-heading\">Por que a Nova Portaria Gera Controv\u00e9rsia?<\/h2>\n\n\n\n<p>Desde a sua publica\u00e7\u00e3o, a portaria tem sido alvo de discuss\u00f5es intensas, principalmente na C\u00e2mara dos Deputados, que rapidamente delineou um projeto de lei para bloque\u00e1-la. As cr\u00edticas v\u00eam, sobretudo, de setores econ\u00f4micos que temem uma diminui\u00e7\u00e3o na atividade empresarial e, consequentemente, uma queda na arrecada\u00e7\u00e3o de impostos durante os feriados.<\/p>\n\n\n\n<p>Empresas dos setores de com\u00e9rcio e turismo, que frequentemente registram picos de produtividade nos feriados, manifestaram preocupa\u00e7\u00e3o quanto \u00e0 viabilidade operacional sob as novas regras. Por outro lado, sindicatos argumentam que a restri\u00e7\u00e3o \u00e9 essencial para impedir a explora\u00e7\u00e3o excessiva do trabalho e defender os direitos adquiridos.<\/p>\n\n\n\n<h2 class=\"wp-block-heading\">O que Esperar das Pr\u00f3ximas Etapas?<\/h2>\n\n\n\n<p>Em resposta ao tumulto gerado, o ministro Luiz Marinho, em 2023, organizou uma s\u00e9rie de reuni\u00f5es com trabalhadores e empres\u00e1rios para ajustar a proposta. Isso culminou na cria\u00e7\u00e3o de um grupo tripartite, encarregado de desenvolver uma vers\u00e3o final da portaria at\u00e9 mar\u00e7o de 2024.<\/p>\n\n\n\n<p>As principais considera\u00e7\u00f5es incluem:<\/p>\n\n\n\n<ol class=\"wp-block-list\">\n<li>A necessidade de conven\u00e7\u00f5es coletivas para legitimar o trabalho em feriados.<\/li>\n\n\n\n<li>O cumprimento das regulamenta\u00e7\u00f5es municipais espec\u00edficas que acompanham a legisla\u00e7\u00e3o.<\/li>\n\n\n\n<li>A consolida\u00e7\u00e3o de um consenso equilibrado entre as partes envolvidas, visando minimizar impactos negativos.<\/li>\n<\/ol>\n\n\n\n<h2 class=\"wp-block-heading\">Impactos Econ\u00f4micos Potenciais das Mudan\u00e7as<\/h2>\n\n\n\n<p>Os potenciais efeitos econ\u00f4micos das novas diretrizes podem impactar significativamente v\u00e1rias ind\u00fastrias no Brasil. As empresas que tradicionalmente operam durante os feriados podem enfrentar desafios financeiros, como uma redu\u00e7\u00e3o na receita devido \u00e0s restri\u00e7\u00f5es impostas.<\/p>\n\n\n\n<ul class=\"wp-block-list\">\n<li>Poss\u00edvel queda na arrecada\u00e7\u00e3o de impostos, reflexo de uma atividade comercial reduzida.<\/li>\n\n\n\n<li>Aumento potencial no desemprego, \u00e0 medida que empresas avaliam a necessidade de ajustes diante de uma mudan\u00e7a abrupta no regime de trabalho.<\/li>\n\n\n\n<li>Dificuldades na contrata\u00e7\u00e3o de trabalhadores tempor\u00e1rios para eventos especiais, considerando a exig\u00eancia de acordos pr\u00e9-estabelecidos.<\/li>\n<\/ul>\n\n\n\n<p>Enquanto a implementa\u00e7\u00e3o dessa portaria ainda est\u00e1 em fase de constru\u00e7\u00e3o, ela sinaliza uma prote\u00e7\u00e3o potencialmente maior aos direitos dos trabalhadores, ao mesmo tempo que suscita discuss\u00f5es profundas sobre o impacto no vigor econ\u00f4mico do pa\u00eds.<\/p>\n\n\n\n<p><strong><em>Fonte: Terra Brasil Not\u00edcias<\/em><\/strong><\/p>\n","protected":false},"excerpt":{"rendered":"<p>Em meio a debates intensos e buscando harmonizar os interesses de diferentes setores, o Minist\u00e9rio do Trabalho do Brasil promulgou,<\/p>\n","protected":false},"author":1,"featured_media":1354,"comment_status":"open","ping_status":"open","sticky":false,"template":"","format":"standard","meta":{"footnotes":""},"categories":[2],"tags":[],"class_list":["post-7839","post","type-post","status-publish","format-standard","has-post-thumbnail","hentry","category-noticias"],"_links":{"self":[{"href":"https:\/\/jornaloalvorada.com.br\/site\/wp-json\/wp\/v2\/posts\/7839","targetHints":{"allow":["GET"]}}],"collection":[{"href":"https:\/\/jornaloalvorada.com.br\/site\/wp-json\/wp\/v2\/posts"}],"about":[{"href":"https:\/\/jornaloalvorada.com.br\/site\/wp-json\/wp\/v2\/types\/post"}],"author":[{"embeddable":true,"href":"https:\/\/jornaloalvorada.com.br\/site\/wp-json\/wp\/v2\/users\/1"}],"replies":[{"embeddable":true,"href":"https:\/\/jornaloalvorada.com.br\/site\/wp-json\/wp\/v2\/comments?post=7839"}],"version-history":[{"count":1,"href":"https:\/\/jornaloalvorada.com.br\/site\/wp-json\/wp\/v2\/posts\/7839\/revisions"}],"predecessor-version":[{"id":7840,"href":"https:\/\/jornaloalvorada.com.br\/site\/wp-json\/wp\/v2\/posts\/7839\/revisions\/7840"}],"wp:featuredmedia":[{"embeddable":true,"href":"https:\/\/jornaloalvorada.com.br\/site\/wp-json\/wp\/v2\/media\/1354"}],"wp:attachment":[{"href":"https:\/\/jornaloalvorada.com.br\/site\/wp-json\/wp\/v2\/media?parent=7839"}],"wp:term":[{"taxonomy":"category","embeddable":true,"href":"https:\/\/jornaloalvorada.com.br\/site\/wp-json\/wp\/v2\/categories?post=7839"},{"taxonomy":"post_tag","embeddable":true,"href":"https:\/\/jornaloalvorada.com.br\/site\/wp-json\/wp\/v2\/tags?post=7839"}],"curies":[{"name":"wp","href":"https:\/\/api.w.org\/{rel}","templated":true}]}}