{"id":7836,"date":"2024-10-22T08:33:47","date_gmt":"2024-10-22T12:33:47","guid":{"rendered":"https:\/\/jornaloalvorada.com.br\/site\/?p=7836"},"modified":"2024-10-22T08:33:49","modified_gmt":"2024-10-22T12:33:49","slug":"fique-atento-calendario-do-licenciamento-de-veiculos-2024-termina-no-dia-31-de-outubro","status":"publish","type":"post","link":"https:\/\/jornaloalvorada.com.br\/site\/2024\/10\/22\/fique-atento-calendario-do-licenciamento-de-veiculos-2024-termina-no-dia-31-de-outubro\/","title":{"rendered":"Fique atento: calend\u00e1rio do Licenciamento de Ve\u00edculos 2024 termina no dia 31 de outubro"},"content":{"rendered":"\n<p>Termina na pr\u00f3xima semana, 31 de outubro de 2024, o calend\u00e1rio anual de licenciamento de ve\u00edculos. Segundo dados extra\u00eddos no dia 16 de outubro, Mato Grosso do Sul possui frota de 1.816.729 ve\u00edculos, dos quais 28,46%, ou seja 516.990 ve\u00edculos, ainda est\u00e3o inadimplentes com o licenciamento 2024.&nbsp;<\/p>\n\n\n\n<p>O vencimento do licenciamento \u00e9 escalonado e segue um calend\u00e1rio conforme o final das placas. No m\u00eas de abril venceram as placas com finais 1 e 2, em mar\u00e7o, as placas com final 3, em junho, finais 4 e 5, j\u00e1 em julho foi a vez dos ve\u00edculos com final da placa 6, agosto finais 7 e 8, em setembro final 9 e este m\u00eas finalizando o calend\u00e1rio, s\u00e3o as placas com final 0.<\/p>\n\n\n\n<p><strong>Como pagar?<\/strong><\/p>\n\n\n\n<p>Para o pagamento da taxa, o propriet\u00e1rio do ve\u00edculo pode procurar uma das ag\u00eancias do Detran-MS (Departamento Estadual de Tr\u00e2nsito) ou no site <a href=\"http:\/\/www.meudetran.ms.gov.br\/\">www.meudetran.ms.gov.br<\/a> acessar a aba ve\u00edculos e \u201cConsultar D\u00e9bitos de Ve\u00edculos\u201d ou ainda consultar pelo aplicativo \u201cDetran MS\u201d.<\/p>\n\n\n\n<p>Ap\u00f3s o pagamento, o cidad\u00e3o pode verificar no aplicativo Carteira Digital de Tr\u00e2nsito (CDT) se o Certificado de Registro e Licenciamento Veicular (CRLV) est\u00e1 atualizado para o exerc\u00edcio de 2024. Vale ressaltar que o documento \u00e9 obrigat\u00f3rio e deve ser apresentado sempre que solicitado pela autoridade de tr\u00e2nsito, na vers\u00e3o f\u00edsica ou digital.<\/p>\n\n\n\n<p><strong>Consequ\u00eancias<\/strong><\/p>\n\n\n\n<p>Caso o ve\u00edculo seja flagrado em fiscaliza\u00e7\u00e3o sem o licenciamento v\u00e1lido, o propriet\u00e1rio recebe uma multa grav\u00edssima no valor de R$ 293,47, somando sete pontos na CNH (Carteira Nacional de Habilita\u00e7\u00e3o), e o ve\u00edculo poder\u00e1 ser recolhido ao p\u00e1tio, caso o propriet\u00e1rio n\u00e3o consiga quitar a taxa pelo talon\u00e1rio digital do agente de tr\u00e2nsito.<\/p>\n\n\n\n<p><em>Rodrigo Maia, Comunica\u00e7\u00e3o Detran-MS<br><\/em><em>Foto: Saul Schramm<\/em><\/p>\n","protected":false},"excerpt":{"rendered":"<p>Termina na pr\u00f3xima semana, 31 de outubro de 2024, o calend\u00e1rio anual de licenciamento de ve\u00edculos. Segundo dados extra\u00eddos no<\/p>\n","protected":false},"author":1,"featured_media":3864,"comment_status":"open","ping_status":"open","sticky":false,"template":"","format":"standard","meta":{"footnotes":""},"categories":[2],"tags":[],"class_list":["post-7836","post","type-post","status-publish","format-standard","has-post-thumbnail","hentry","category-noticias"],"_links":{"self":[{"href":"https:\/\/jornaloalvorada.com.br\/site\/wp-json\/wp\/v2\/posts\/7836","targetHints":{"allow":["GET"]}}],"collection":[{"href":"https:\/\/jornaloalvorada.com.br\/site\/wp-json\/wp\/v2\/posts"}],"about":[{"href":"https:\/\/jornaloalvorada.com.br\/site\/wp-json\/wp\/v2\/types\/post"}],"author":[{"embeddable":true,"href":"https:\/\/jornaloalvorada.com.br\/site\/wp-json\/wp\/v2\/users\/1"}],"replies":[{"embeddable":true,"href":"https:\/\/jornaloalvorada.com.br\/site\/wp-json\/wp\/v2\/comments?post=7836"}],"version-history":[{"count":1,"href":"https:\/\/jornaloalvorada.com.br\/site\/wp-json\/wp\/v2\/posts\/7836\/revisions"}],"predecessor-version":[{"id":7837,"href":"https:\/\/jornaloalvorada.com.br\/site\/wp-json\/wp\/v2\/posts\/7836\/revisions\/7837"}],"wp:featuredmedia":[{"embeddable":true,"href":"https:\/\/jornaloalvorada.com.br\/site\/wp-json\/wp\/v2\/media\/3864"}],"wp:attachment":[{"href":"https:\/\/jornaloalvorada.com.br\/site\/wp-json\/wp\/v2\/media?parent=7836"}],"wp:term":[{"taxonomy":"category","embeddable":true,"href":"https:\/\/jornaloalvorada.com.br\/site\/wp-json\/wp\/v2\/categories?post=7836"},{"taxonomy":"post_tag","embeddable":true,"href":"https:\/\/jornaloalvorada.com.br\/site\/wp-json\/wp\/v2\/tags?post=7836"}],"curies":[{"name":"wp","href":"https:\/\/api.w.org\/{rel}","templated":true}]}}