{"id":7833,"date":"2024-10-22T08:27:39","date_gmt":"2024-10-22T12:27:39","guid":{"rendered":"https:\/\/jornaloalvorada.com.br\/site\/?p=7833"},"modified":"2024-10-22T08:27:42","modified_gmt":"2024-10-22T12:27:42","slug":"semana-tera-temperaturas-altas-com-possibilidade-de-chuva-em-diferentes-cidades","status":"publish","type":"post","link":"https:\/\/jornaloalvorada.com.br\/site\/2024\/10\/22\/semana-tera-temperaturas-altas-com-possibilidade-de-chuva-em-diferentes-cidades\/","title":{"rendered":"Semana ter\u00e1 temperaturas altas, com possibilidade de chuva em diferentes cidades"},"content":{"rendered":"\n<p>A semana em Mato Grosso do Sul tem previs\u00e3o de temperaturas altas, mas com possibilidade de chuva em diferentes cidades. O tempo segue quente, n\u00e3o descartando a ocorr\u00eancia de tempestades de forma mais isoladas, acompanhadas de raios e rajadas de vento.<\/p>\n\n\n\n<p>Segundo o Cemtec (Centro do Monitoramento do Tempo e Clima de MS), na ter\u00e7a (22) e quarta-feira (23) a previs\u00e3o \u00e9 de tempo com sol, possibilidade de pancadas de chuva e tempestades devido a atua\u00e7\u00e3o de \u00e1rea de baixa press\u00e3o atmosf\u00e9rica, aliado com a presen\u00e7a do a quente e \u00famido.<\/p>\n\n\n\n<p>Nas regi\u00f5es sul, leste e sudeste do Estado as m\u00ednimas ficam entre 20-22\u00b0C e m\u00e1xima de 29-33\u00b0C. Na regi\u00e3o pantaneira e sudoeste vai variar entre 24\u00b0C (m\u00ednima) e 37\u00b0C (m\u00e1xima). Para o bols\u00e3o e norte fica entre 21-25\u00b0C (m\u00ednima) e 29-33\u00b0C (m\u00e1xima). Na Capital fica entre 22\u00b0C e 31\u00b0C.<\/p>\n\n\n\n<p>Na quinta-feira (24) tem uma aproxima\u00e7\u00e3o de uma frente fria, associada ao ciclone extratropical no Sul do Brasil, que indica chuvas mais significativas nas regi\u00f5es centro-leste e nordeste.<\/p>\n\n\n\n<p>Nas regi\u00f5es pantaneira e sudoeste esperam-se m\u00ednimas entre 24-27\u00b0C e m\u00e1ximas entre 36-38\u00b0C. J\u00e1 nas regi\u00f5es do bols\u00e3o e norte s\u00e3o esperadas m\u00ednimas entre 22-25\u00b0C e m\u00e1ximas entre 31-34\u00b0C. Em Campo Grande, m\u00ednimas entre 22-24\u00b0C e m\u00e1ximas entre 31-33\u00b0C.<\/p>\n\n\n\n<figure class=\"wp-block-image\"><a href=\"https:\/\/agenciadenoticias.ms.gov.br\/semana-tera-temperaturas-altas-com-possibilidade-de-chuva-em-diferentes-cidades\/attachment\/2210\/\"><img decoding=\"async\" src=\"https:\/\/agenciadenoticias.ms.gov.br\/wp-content\/uploads\/2024\/10\/2210.jpg\" alt=\"\"\/><\/a><\/figure>\n\n\n\n<figure class=\"wp-block-image\"><a href=\"https:\/\/agenciadenoticias.ms.gov.br\/semana-tera-temperaturas-altas-com-possibilidade-de-chuva-em-diferentes-cidades\/attachment\/2310\/\"><img decoding=\"async\" src=\"https:\/\/agenciadenoticias.ms.gov.br\/wp-content\/uploads\/2024\/10\/2310.jpg\" alt=\"\"\/><\/a><\/figure>\n\n\n\n<figure class=\"wp-block-image\"><a href=\"https:\/\/agenciadenoticias.ms.gov.br\/semana-tera-temperaturas-altas-com-possibilidade-de-chuva-em-diferentes-cidades\/attachment\/2410\/\"><img decoding=\"async\" src=\"https:\/\/agenciadenoticias.ms.gov.br\/wp-content\/uploads\/2024\/10\/2410.jpg\" alt=\"\"\/><\/a><\/figure>\n\n\n\n<p><em>Leonardo Rocha, Comunica\u00e7\u00e3o do Governo de MS<\/em><br><em>Foto: \u00c1lvaro Rezende<\/em><\/p>\n","protected":false},"excerpt":{"rendered":"<p>A semana em Mato Grosso do Sul tem previs\u00e3o de temperaturas altas, mas com possibilidade de chuva em diferentes cidades.<\/p>\n","protected":false},"author":1,"featured_media":7834,"comment_status":"open","ping_status":"open","sticky":false,"template":"","format":"standard","meta":{"footnotes":""},"categories":[2],"tags":[],"class_list":["post-7833","post","type-post","status-publish","format-standard","has-post-thumbnail","hentry","category-noticias"],"_links":{"self":[{"href":"https:\/\/jornaloalvorada.com.br\/site\/wp-json\/wp\/v2\/posts\/7833","targetHints":{"allow":["GET"]}}],"collection":[{"href":"https:\/\/jornaloalvorada.com.br\/site\/wp-json\/wp\/v2\/posts"}],"about":[{"href":"https:\/\/jornaloalvorada.com.br\/site\/wp-json\/wp\/v2\/types\/post"}],"author":[{"embeddable":true,"href":"https:\/\/jornaloalvorada.com.br\/site\/wp-json\/wp\/v2\/users\/1"}],"replies":[{"embeddable":true,"href":"https:\/\/jornaloalvorada.com.br\/site\/wp-json\/wp\/v2\/comments?post=7833"}],"version-history":[{"count":1,"href":"https:\/\/jornaloalvorada.com.br\/site\/wp-json\/wp\/v2\/posts\/7833\/revisions"}],"predecessor-version":[{"id":7835,"href":"https:\/\/jornaloalvorada.com.br\/site\/wp-json\/wp\/v2\/posts\/7833\/revisions\/7835"}],"wp:featuredmedia":[{"embeddable":true,"href":"https:\/\/jornaloalvorada.com.br\/site\/wp-json\/wp\/v2\/media\/7834"}],"wp:attachment":[{"href":"https:\/\/jornaloalvorada.com.br\/site\/wp-json\/wp\/v2\/media?parent=7833"}],"wp:term":[{"taxonomy":"category","embeddable":true,"href":"https:\/\/jornaloalvorada.com.br\/site\/wp-json\/wp\/v2\/categories?post=7833"},{"taxonomy":"post_tag","embeddable":true,"href":"https:\/\/jornaloalvorada.com.br\/site\/wp-json\/wp\/v2\/tags?post=7833"}],"curies":[{"name":"wp","href":"https:\/\/api.w.org\/{rel}","templated":true}]}}