{"id":7830,"date":"2024-10-21T15:34:21","date_gmt":"2024-10-21T19:34:21","guid":{"rendered":"https:\/\/jornaloalvorada.com.br\/site\/?p=7830"},"modified":"2024-10-21T15:34:24","modified_gmt":"2024-10-21T19:34:24","slug":"nova-lei-do-ipva-comeca-a-valer-no-inicio-de-2025-brasileiros-festejam-a-isencao-do-imposto","status":"publish","type":"post","link":"https:\/\/jornaloalvorada.com.br\/site\/2024\/10\/21\/nova-lei-do-ipva-comeca-a-valer-no-inicio-de-2025-brasileiros-festejam-a-isencao-do-imposto\/","title":{"rendered":"NOVA lei do IPVA come\u00e7a a valer no inicio de 2025! Brasileiros festejam a isen\u00e7\u00e3o do imposto"},"content":{"rendered":"\n<p>No Brasil, o<a href=\"https:\/\/terrabrasilnoticias.com\/2024\/10\/imposto-sobre-a-propriedade-de-veiculos-automotores\/\"> IPVA <\/a>\u00e9 um dos impostos anuais mais conhecidos pelos propriet\u00e1rios de ve\u00edculos. Em Sergipe, contudo, uma nova legisla\u00e7\u00e3o trar\u00e1 altera\u00e7\u00f5es significativas a partir de 2025. Implementada atrav\u00e9s da <a href=\"https:\/\/www.legisweb.com.br\/legislacao\/?id=462708\">Lei 9.517\/2024<\/a>, essa medida visa al\u00edvio financeiro para pessoas com defici\u00eancia, promovendo inclus\u00e3o social. A legisla\u00e7\u00e3o representa uma tentativa de justi\u00e7a social, garantindo apoio adicional a um grupo bastante vulner\u00e1vel.<\/p>\n\n\n\n<p>A lei aprovada pela Assembleia Legislativa de Sergipe ser\u00e1 um passo importante para cerca de 4.200 indiv\u00edduos que enfrentam desafios diversos. Pessoas com defici\u00eancia f\u00edsica, visual ou intelectual severa, bem como aquelas com s\u00edndrome de Down ou no espectro autista, ser\u00e3o diretamente beneficiadas. Com isso, Sergipe demonstra seu compromisso em assegurar igualdade de oportunidades para todas as comunidades.<\/p>\n\n\n\n<h2 class=\"wp-block-heading\">Quais s\u00e3o os Benef\u00edcios da Nova Lei de Isen\u00e7\u00e3o de IPVA?<\/h2>\n\n\n\n<p>O impacto da nova legisla\u00e7\u00e3o vai al\u00e9m dos benef\u00edcios financeiros. A isen\u00e7\u00e3o parcial do IPVA oferece uma oportunidade \u00fanica para melhorar a condi\u00e7\u00e3o de vida de pessoas com defici\u00eancia de v\u00e1rias maneiras.<\/p>\n\n\n\n<ul class=\"wp-block-list\">\n<li><strong>Al\u00edvio Financeiro:<\/strong>\u00a0O n\u00e3o pagamento completo do IPVA possibilita que os recursos economizados sejam destinados a necessidades vitais, como tratamentos m\u00e9dicos e aquisi\u00e7\u00e3o de equipamentos especiais.<\/li>\n\n\n\n<li><strong>Facilidade de Mobilidade:<\/strong>\u00a0Com custos reduzidos, esses indiv\u00edduos t\u00eam um incentivo adicional para utilizar ve\u00edculos pr\u00f3prios, aumentando suas possibilidades de integra\u00e7\u00e3o e movimenta\u00e7\u00e3o social.<\/li>\n\n\n\n<li><strong>Reconhecimento Estatal:<\/strong>\u00a0A medida representa um reconhecimento formal dos direitos das pessoas com defici\u00eancia e a import\u00e2ncia de sua inclus\u00e3o social.<\/li>\n<\/ul>\n\n\n\n<h2 class=\"wp-block-heading\">Como Funciona o Processo de Isen\u00e7\u00e3o do IPVA em Sergipe?<\/h2>\n\n\n\n<p>Para desfrutar da isen\u00e7\u00e3o permitida pela nova legisla\u00e7\u00e3o, \u00e9 preciso seguir alguns passos importantes. Em primeiro lugar, o valor do ve\u00edculo deve ser inferior a R$ 120 mil para que possa ser eleg\u00edvel. Al\u00e9m disso, o procedimento ser\u00e1 realizado de forma digital atrav\u00e9s do site da Secretaria de Estado da Fazenda de Sergipe (SEFAZ).<\/p>\n\n\n\n<ol class=\"wp-block-list\">\n<li><strong>Cadastro Online:<\/strong>\u00a0O benefici\u00e1rio deve efetuar um cadastro no portal da SEFAZ.<\/li>\n\n\n\n<li><strong>Documenta\u00e7\u00e3o:<\/strong>\u00a0Ser\u00e1 necess\u00e1rio apresentar documentos que comprovem a condi\u00e7\u00e3o de defici\u00eancia que justifica a isen\u00e7\u00e3o.<\/li>\n\n\n\n<li><strong>Pagamento de Taxa:<\/strong>\u00a0Embora seja uma isen\u00e7\u00e3o, h\u00e1 uma taxa administrativa obrigat\u00f3ria a ser paga para efetivar o processo.<\/li>\n<\/ol>\n\n\n\n<p>Ap\u00f3s a entrega e valida\u00e7\u00e3o de todos os documentos, a isen\u00e7\u00e3o ser\u00e1 aplicada, reduzindo significativamente os custos para os benefici\u00e1rios eleg\u00edveis.<\/p>\n\n\n\n<h2 class=\"wp-block-heading\">Quais Consequ\u00eancias Enfrentam os Propriet\u00e1rios com IPVA Atrasado?<\/h2>\n\n\n\n<p>O pagamento do IPVA \u00e9 essencial e compuls\u00f3rio, o que implica que o n\u00e3o cumprimento dessa obriga\u00e7\u00e3o pode levar a diversas penalidades. Entre elas est\u00e1 a perda de at\u00e9 7 pontos na CNH do propriet\u00e1rio, al\u00e9m de multas financeiras que podem alcan\u00e7ar at\u00e9 20% do valor devido. H\u00e1 ainda a possibilidade de remo\u00e7\u00e3o do ve\u00edculo para o p\u00e1tio, resultando em custos adicionais.<\/p>\n\n\n\n<p>Manter o IPVA em dia \u00e9 fundamental para garantir a legalidade do uso do ve\u00edculo e evitar custos e transtornos decorrentes de san\u00e7\u00f5es fiscais.<\/p>\n\n\n\n<h2 class=\"wp-block-heading\">Qual o Destino dos Recursos Arrecadados pelo IPVA?<\/h2>\n\n\n\n<p>Sendo um imposto estadual, o destino das receitas do IPVA pode variar de estado para estado. No geral, esses recursos s\u00e3o direcionados para \u00e1reas fundamentais como educa\u00e7\u00e3o, sa\u00fade, seguran\u00e7a p\u00fablica e infraestrutura. Cada estado tem a responsabilidade de definir a aloca\u00e7\u00e3o de acordo com suas prioridades por meio de sua legisla\u00e7\u00e3o.<\/p>\n\n\n\n<p>Em Sergipe, \u00e9 crucial entender como essas aloca\u00e7\u00f5es ser\u00e3o feitas, pois as mudan\u00e7as no IPVA para pessoas com defici\u00eancia tamb\u00e9m ter\u00e3o implica\u00e7\u00f5es financeiras no or\u00e7amento estadual. Dessa forma, a consulta \u00e0s diretrizes estaduais pode oferecer uma vis\u00e3o mais clara sobre essa destina\u00e7\u00e3o.<\/p>\n\n\n\n<p><strong><em>Fonte: Terra Brasil Not\u00edcias<\/em><\/strong><\/p>\n","protected":false},"excerpt":{"rendered":"<p>No Brasil, o IPVA \u00e9 um dos impostos anuais mais conhecidos pelos propriet\u00e1rios de ve\u00edculos. Em Sergipe, contudo, uma nova<\/p>\n","protected":false},"author":1,"featured_media":7831,"comment_status":"open","ping_status":"open","sticky":false,"template":"","format":"standard","meta":{"footnotes":""},"categories":[2],"tags":[],"class_list":["post-7830","post","type-post","status-publish","format-standard","has-post-thumbnail","hentry","category-noticias"],"_links":{"self":[{"href":"https:\/\/jornaloalvorada.com.br\/site\/wp-json\/wp\/v2\/posts\/7830","targetHints":{"allow":["GET"]}}],"collection":[{"href":"https:\/\/jornaloalvorada.com.br\/site\/wp-json\/wp\/v2\/posts"}],"about":[{"href":"https:\/\/jornaloalvorada.com.br\/site\/wp-json\/wp\/v2\/types\/post"}],"author":[{"embeddable":true,"href":"https:\/\/jornaloalvorada.com.br\/site\/wp-json\/wp\/v2\/users\/1"}],"replies":[{"embeddable":true,"href":"https:\/\/jornaloalvorada.com.br\/site\/wp-json\/wp\/v2\/comments?post=7830"}],"version-history":[{"count":1,"href":"https:\/\/jornaloalvorada.com.br\/site\/wp-json\/wp\/v2\/posts\/7830\/revisions"}],"predecessor-version":[{"id":7832,"href":"https:\/\/jornaloalvorada.com.br\/site\/wp-json\/wp\/v2\/posts\/7830\/revisions\/7832"}],"wp:featuredmedia":[{"embeddable":true,"href":"https:\/\/jornaloalvorada.com.br\/site\/wp-json\/wp\/v2\/media\/7831"}],"wp:attachment":[{"href":"https:\/\/jornaloalvorada.com.br\/site\/wp-json\/wp\/v2\/media?parent=7830"}],"wp:term":[{"taxonomy":"category","embeddable":true,"href":"https:\/\/jornaloalvorada.com.br\/site\/wp-json\/wp\/v2\/categories?post=7830"},{"taxonomy":"post_tag","embeddable":true,"href":"https:\/\/jornaloalvorada.com.br\/site\/wp-json\/wp\/v2\/tags?post=7830"}],"curies":[{"name":"wp","href":"https:\/\/api.w.org\/{rel}","templated":true}]}}