{"id":7817,"date":"2024-10-21T15:29:11","date_gmt":"2024-10-21T19:29:11","guid":{"rendered":"https:\/\/jornaloalvorada.com.br\/site\/?p=7817"},"modified":"2024-10-21T15:29:14","modified_gmt":"2024-10-21T19:29:14","slug":"prefeito-jose-paleari-cumpri-agenda-com-governador-eduardo-riedel-e-grandes-liderancas-politicas-de-ms","status":"publish","type":"post","link":"https:\/\/jornaloalvorada.com.br\/site\/2024\/10\/21\/prefeito-jose-paleari-cumpri-agenda-com-governador-eduardo-riedel-e-grandes-liderancas-politicas-de-ms\/","title":{"rendered":"Prefeito Jos\u00e9 Paleari cumpri agenda com governador Eduardo Riedel e grandes lideran\u00e7as pol\u00edticas de MS"},"content":{"rendered":"\n<p>Cumprindo agenda em Campo Grande, com o nosso governador Eduardo Riedel, Senadora Tereza Cristina, vice-governador Barbosinha, e grandes lideran\u00e7as da pol\u00edtica do MS e que contou com a presen\u00e7a dos prefeitos eleitos e reeleitos do nosso estado.<\/p>\n","protected":false},"excerpt":{"rendered":"<p>Cumprindo agenda em Campo Grande, com o nosso governador Eduardo Riedel, Senadora Tereza Cristina, vice-governador Barbosinha, e grandes lideran\u00e7as da<\/p>\n","protected":false},"author":1,"featured_media":7818,"comment_status":"open","ping_status":"open","sticky":false,"template":"","format":"standard","meta":{"footnotes":""},"categories":[2],"tags":[],"class_list":["post-7817","post","type-post","status-publish","format-standard","has-post-thumbnail","hentry","category-noticias"],"_links":{"self":[{"href":"https:\/\/jornaloalvorada.com.br\/site\/wp-json\/wp\/v2\/posts\/7817","targetHints":{"allow":["GET"]}}],"collection":[{"href":"https:\/\/jornaloalvorada.com.br\/site\/wp-json\/wp\/v2\/posts"}],"about":[{"href":"https:\/\/jornaloalvorada.com.br\/site\/wp-json\/wp\/v2\/types\/post"}],"author":[{"embeddable":true,"href":"https:\/\/jornaloalvorada.com.br\/site\/wp-json\/wp\/v2\/users\/1"}],"replies":[{"embeddable":true,"href":"https:\/\/jornaloalvorada.com.br\/site\/wp-json\/wp\/v2\/comments?post=7817"}],"version-history":[{"count":1,"href":"https:\/\/jornaloalvorada.com.br\/site\/wp-json\/wp\/v2\/posts\/7817\/revisions"}],"predecessor-version":[{"id":7819,"href":"https:\/\/jornaloalvorada.com.br\/site\/wp-json\/wp\/v2\/posts\/7817\/revisions\/7819"}],"wp:featuredmedia":[{"embeddable":true,"href":"https:\/\/jornaloalvorada.com.br\/site\/wp-json\/wp\/v2\/media\/7818"}],"wp:attachment":[{"href":"https:\/\/jornaloalvorada.com.br\/site\/wp-json\/wp\/v2\/media?parent=7817"}],"wp:term":[{"taxonomy":"category","embeddable":true,"href":"https:\/\/jornaloalvorada.com.br\/site\/wp-json\/wp\/v2\/categories?post=7817"},{"taxonomy":"post_tag","embeddable":true,"href":"https:\/\/jornaloalvorada.com.br\/site\/wp-json\/wp\/v2\/tags?post=7817"}],"curies":[{"name":"wp","href":"https:\/\/api.w.org\/{rel}","templated":true}]}}