{"id":7809,"date":"2024-10-21T08:16:48","date_gmt":"2024-10-21T12:16:48","guid":{"rendered":"https:\/\/jornaloalvorada.com.br\/site\/?p=7809"},"modified":"2024-10-21T08:16:50","modified_gmt":"2024-10-21T12:16:50","slug":"ciclone-extratropical-atinge-o-brasil-com-alerta-maximo-de-tempestades-veja-previsao","status":"publish","type":"post","link":"https:\/\/jornaloalvorada.com.br\/site\/2024\/10\/21\/ciclone-extratropical-atinge-o-brasil-com-alerta-maximo-de-tempestades-veja-previsao\/","title":{"rendered":"Ciclone extratropical atinge o Brasil com alerta m\u00e1ximo de tempestades; veja previs\u00e3o"},"content":{"rendered":"\n<p>No in\u00edcio desta semana, meteorologistas alertaram sobre a chegada de um ciclone extratropical com potencial para provocar vendavais intensos e tempestades severas. O fen\u00f4meno, originado no Oceano Pac\u00edfico, ganhar\u00e1 for\u00e7a no <a href=\"https:\/\/terrabrasilnoticias.com\/2024\/10\/descubra-como-os-furacoes-transformam-o-fundo-do-oceano-veja-os-impactos\/\" target=\"_blank\" rel=\"noreferrer noopener\">Oceano <\/a>Atl\u00e2ntico e dever\u00e1 atingir Argentina, Uruguai e Brasil a partir da quarta-feira (23\/10). De acordo com o boletim da Metsul, a expectativa \u00e9 de que o Sul do Brasil sofra danos mais significativos na sexta-feira (25\/10).<\/p>\n\n\n\n<p>O fen\u00f4meno clim\u00e1tico em quest\u00e3o \u00e9 esperado devido a uma baixa press\u00e3o atmosf\u00e9rica que desencadear\u00e1 o ciclone. Este processo resulta em ventos muito fortes e tempestades, causados pelo encontro de massas de ar quente e fria. Este tipo de ciclone \u00e9 definido como um centro de baixa press\u00e3o atmosf\u00e9rica onde, no Hemisf\u00e9rio Sul, os ventos giram no sentido hor\u00e1rio.<\/p>\n\n\n\n<h2 class=\"wp-block-heading\">Como se Forma um Ciclone Extratropical?<\/h2>\n\n\n\n<figure class=\"wp-block-image\"><img decoding=\"async\" src=\"https:\/\/terrabrasilnoticias.com\/wp-content\/uploads\/2024\/10\/image-185-1024x613.png\" alt=\"\"\/><figcaption class=\"wp-element-caption\">\u00a9 REUTERS\/Amanda Perobelli\/Direitos Reservados<\/figcaption><\/figure>\n\n\n\n<p>A forma\u00e7\u00e3o de um ciclone extratropical come\u00e7a geralmente com o avan\u00e7o de uma baixa fria de regi\u00f5es como a costa chilena, que ao atravessar os Andes, chega ao oeste da Argentina, gerando condi\u00e7\u00f5es prop\u00edcias para tempestades. Este processo de baixa press\u00e3o profunda intensifica o sistema ao passar pelo Uruguai, produzindo tempestades severas e, potencialmente, uma linha de instabilidade que avan\u00e7a sobre o sul do Brasil.<\/p>\n\n\n\n<h2 class=\"wp-block-heading\">Qual \u00e9 o Impacto Esperado no Sul do Brasil?<\/h2>\n\n\n\n<p>Na sexta-feira, o ciclo deve estar bem desenvolvido sobre o Oceano Atl\u00e2ntico, a leste do Uruguai e ao sudeste do Rio Grande do Sul. Este posicionamento trar\u00e1 ventos intensos para uma vasta regi\u00e3o, com rajadas particularmente fortes no estado ga\u00facho. Embora algumas \u00e1reas ainda possam experienciar chuvas, uma melhora gradual no tempo \u00e9 esperada em partes do Sul do Brasil, Mato Grosso do Sul e S\u00e3o Paulo, \u00e0 medida que o ciclone impulsiona ar mais seco pelo interior continental.<\/p>\n\n\n\n<h2 class=\"wp-block-heading\">Quais Regi\u00f5es Podem ser Mais Afetadas?<\/h2>\n\n\n\n<p>De acordo com os meteorologistas, postos como Goi\u00e1s e Minas Gerais enfrentar\u00e3o um aumento no risco de chuvas, ainda que na forma de tempestades isoladas. Enquanto o ciclone perde for\u00e7a ao final da semana, espera-se que o s\u00e1bado mantenha certa instabilidade e massa fria na regi\u00e3o central do Brasil. Regi\u00f5es produtoras j\u00e1 vivenciaram chuvas consider\u00e1veis recentemente, como em Goi\u00e2nia, que registrou 60% do volume mensal esperado em apenas 24 horas.<\/p>\n\n\n\n<p>A prepara\u00e7\u00e3o para um evento clim\u00e1tico como este envolve principalmente a atualiza\u00e7\u00e3o constante atrav\u00e9s de boletins meteorol\u00f3gicos. \u00c9 aconselh\u00e1vel que as popula\u00e7\u00f5es potencialmente afetadas tomem medidas preventivas, como refor\u00e7ar estruturas, evitar deslocamentos desnecess\u00e1rios e seguir sempre as orienta\u00e7\u00f5es das autoridades locais. Al\u00e9m disso, a aten\u00e7\u00e3o voltada para regi\u00f5es propensas a alagamentos e deslizamentos pode minimizar significativamente os riscos \u00e0 seguran\u00e7a das comunidades.<\/p>\n\n\n\n<p><strong><em>Fonte: Terra Brasil Not\u00edcias<\/em><\/strong><\/p>\n","protected":false},"excerpt":{"rendered":"<p>No in\u00edcio desta semana, meteorologistas alertaram sobre a chegada de um ciclone extratropical com potencial para provocar vendavais intensos e<\/p>\n","protected":false},"author":1,"featured_media":7810,"comment_status":"open","ping_status":"open","sticky":false,"template":"","format":"standard","meta":{"footnotes":""},"categories":[2],"tags":[],"class_list":["post-7809","post","type-post","status-publish","format-standard","has-post-thumbnail","hentry","category-noticias"],"_links":{"self":[{"href":"https:\/\/jornaloalvorada.com.br\/site\/wp-json\/wp\/v2\/posts\/7809","targetHints":{"allow":["GET"]}}],"collection":[{"href":"https:\/\/jornaloalvorada.com.br\/site\/wp-json\/wp\/v2\/posts"}],"about":[{"href":"https:\/\/jornaloalvorada.com.br\/site\/wp-json\/wp\/v2\/types\/post"}],"author":[{"embeddable":true,"href":"https:\/\/jornaloalvorada.com.br\/site\/wp-json\/wp\/v2\/users\/1"}],"replies":[{"embeddable":true,"href":"https:\/\/jornaloalvorada.com.br\/site\/wp-json\/wp\/v2\/comments?post=7809"}],"version-history":[{"count":1,"href":"https:\/\/jornaloalvorada.com.br\/site\/wp-json\/wp\/v2\/posts\/7809\/revisions"}],"predecessor-version":[{"id":7811,"href":"https:\/\/jornaloalvorada.com.br\/site\/wp-json\/wp\/v2\/posts\/7809\/revisions\/7811"}],"wp:featuredmedia":[{"embeddable":true,"href":"https:\/\/jornaloalvorada.com.br\/site\/wp-json\/wp\/v2\/media\/7810"}],"wp:attachment":[{"href":"https:\/\/jornaloalvorada.com.br\/site\/wp-json\/wp\/v2\/media?parent=7809"}],"wp:term":[{"taxonomy":"category","embeddable":true,"href":"https:\/\/jornaloalvorada.com.br\/site\/wp-json\/wp\/v2\/categories?post=7809"},{"taxonomy":"post_tag","embeddable":true,"href":"https:\/\/jornaloalvorada.com.br\/site\/wp-json\/wp\/v2\/tags?post=7809"}],"curies":[{"name":"wp","href":"https:\/\/api.w.org\/{rel}","templated":true}]}}