{"id":7807,"date":"2024-10-21T08:11:43","date_gmt":"2024-10-21T12:11:43","guid":{"rendered":"https:\/\/jornaloalvorada.com.br\/site\/?p=7807"},"modified":"2024-10-21T08:11:45","modified_gmt":"2024-10-21T12:11:45","slug":"nova-lei-14-071-20-entenda-as-novas-regras-para-pontuacao-e-multas-de-transito","status":"publish","type":"post","link":"https:\/\/jornaloalvorada.com.br\/site\/2024\/10\/21\/nova-lei-14-071-20-entenda-as-novas-regras-para-pontuacao-e-multas-de-transito\/","title":{"rendered":"Nova Lei 14.071\/20: entenda as novas regras para pontua\u00e7\u00e3o e multas de tr\u00e2nsito"},"content":{"rendered":"\n<p>A Lei 14.071\/20 trouxe altera\u00e7\u00f5es significativas ao C\u00f3digo de Tr\u00e2nsito Brasileiro (CTB) a partir de 12 de abril de 2021. Com 57 mudan\u00e7as ao todo, a nova legisla\u00e7\u00e3o impacta diretamente motoristas e usu\u00e1rios das vias, atualizando regras que variam desde a validade da CNH at\u00e9 o uso de equipamentos de seguran\u00e7a veicular. Uma das principais modifica\u00e7\u00f5es \u00e9 a extens\u00e3o do prazo de validade da Carteira Nacional de Habilita\u00e7\u00e3o para dez anos para motoristas com menos de 50 anos.<\/p>\n\n\n\n<p>Outro ponto importante \u00e9 a introdu\u00e7\u00e3o do Registro Nacional Positivo de Condutores (RNPC), que serve para reconhecer e listar motoristas respons\u00e1veis. Al\u00e9m disso, multas leves e m\u00e9dias passam a resultar apenas em advert\u00eancias, caso o condutor n\u00e3o repita a infra\u00e7\u00e3o no prazo de um ano. Conhe\u00e7a tamb\u00e9m a lista com os <a href=\"https:\/\/terrabrasilnoticias.com\/2024\/09\/os-10-carros-mais-economicos-do-brasil-para-2025\/\">10 carros<\/a> mais econ\u00f4micos para 2025.<\/p>\n\n\n\n<h2 class=\"wp-block-heading\">Como as novas regras afetam a pontua\u00e7\u00e3o na CNH?<\/h2>\n\n\n\n<p>O sistema de pontua\u00e7\u00e3o sofreu ajustes importantes. Anteriormente, a suspens\u00e3o da CNH acontecia com 20 pontos, independentemente da gravidade das infra\u00e7\u00f5es. Agora, a lei prev\u00ea gradua\u00e7\u00e3o diferenciada: suspens\u00e3o com 20 pontos se houver duas ou mais infra\u00e7\u00f5es grav\u00edssimas, 30 pontos se houver uma infra\u00e7\u00e3o grav\u00edssima, e 40 pontos sem infra\u00e7\u00f5es grav\u00edssimas. Motoristas profissionais t\u00eam um tratamento especial, com suspens\u00e3o apenas aos 40 pontos, independentemente da gravidade das infra\u00e7\u00f5es.<\/p>\n\n\n\n<figure class=\"wp-block-image\" id=\"attachment_209114\"><img decoding=\"async\" src=\"https:\/\/terrabrasilnoticias.com\/wp-content\/uploads\/2024\/10\/transito_1729277120133-300x169.jpg\" alt=\"\"\/><figcaption class=\"wp-element-caption\">Cr\u00e9ditos: depositphotos.com \/ Nomadsoul1<\/figcaption><\/figure>\n\n\n\n<h2 class=\"wp-block-heading\">Quais s\u00e3o as novas diretrizes para o uso de equipamentos de seguran\u00e7a?<\/h2>\n\n\n\n<p>O uso de dispositivos de seguran\u00e7a para crian\u00e7as foi modificado significativamente. A partir de abril, crian\u00e7as de at\u00e9 10 anos ou sem altura superior a 1,45m precisar\u00e3o utilizar a cadeirinha. As regras ficaram mais r\u00edgidas para o transporte de crian\u00e7as em motocicletas, ciclomotores e motonetas, proibindo o transporte de menores de 10 anos nesses ve\u00edculos.<\/p>\n\n\n\n<h2 class=\"wp-block-heading\">Quais s\u00e3o as novas san\u00e7\u00f5es para motoristas embriagados?<\/h2>\n\n\n\n<p>A lei tamb\u00e9m endurece as penas para motoristas embriagados envolvidos em acidentes que resultem em les\u00f5es ou morte. N\u00e3o ser\u00e1 mais permitida a substitui\u00e7\u00e3o da pena de pris\u00e3o por penas alternativas, como servi\u00e7os comunit\u00e1rios. Com isso, a nova normativa visa aumentar a responsabiliza\u00e7\u00e3o dos motoristas e a seguran\u00e7a no tr\u00e2nsito.<\/p>\n\n\n\n<h2 class=\"wp-block-heading\">Como a nova legisla\u00e7\u00e3o trata dos recalls de ve\u00edculos?<\/h2>\n\n\n\n<p>Em suma, uma mudan\u00e7a not\u00e1vel diz respeito ao cumprimento de recalls. Mas os ve\u00edculos s\u00f3 poder\u00e3o ser licenciados ap\u00f3s a garantia de que as chamadas de corre\u00e7\u00e3o de defeitos foram atendidas. Essa medida busca assegurar que todos os ve\u00edculos em circula\u00e7\u00e3o estejam em condi\u00e7\u00f5es seguras e que suas falhas tenham sido corrigidas conforme as determina\u00e7\u00f5es das montadoras.<\/p>\n\n\n\n<p><strong><em>Fonte: Terra Brasil Not\u00edcias<\/em><\/strong><\/p>\n","protected":false},"excerpt":{"rendered":"<p>A Lei 14.071\/20 trouxe altera\u00e7\u00f5es significativas ao C\u00f3digo de Tr\u00e2nsito Brasileiro (CTB) a partir de 12 de abril de 2021.<\/p>\n","protected":false},"author":1,"featured_media":5675,"comment_status":"open","ping_status":"open","sticky":false,"template":"","format":"standard","meta":{"footnotes":""},"categories":[2],"tags":[],"class_list":["post-7807","post","type-post","status-publish","format-standard","has-post-thumbnail","hentry","category-noticias"],"_links":{"self":[{"href":"https:\/\/jornaloalvorada.com.br\/site\/wp-json\/wp\/v2\/posts\/7807","targetHints":{"allow":["GET"]}}],"collection":[{"href":"https:\/\/jornaloalvorada.com.br\/site\/wp-json\/wp\/v2\/posts"}],"about":[{"href":"https:\/\/jornaloalvorada.com.br\/site\/wp-json\/wp\/v2\/types\/post"}],"author":[{"embeddable":true,"href":"https:\/\/jornaloalvorada.com.br\/site\/wp-json\/wp\/v2\/users\/1"}],"replies":[{"embeddable":true,"href":"https:\/\/jornaloalvorada.com.br\/site\/wp-json\/wp\/v2\/comments?post=7807"}],"version-history":[{"count":1,"href":"https:\/\/jornaloalvorada.com.br\/site\/wp-json\/wp\/v2\/posts\/7807\/revisions"}],"predecessor-version":[{"id":7808,"href":"https:\/\/jornaloalvorada.com.br\/site\/wp-json\/wp\/v2\/posts\/7807\/revisions\/7808"}],"wp:featuredmedia":[{"embeddable":true,"href":"https:\/\/jornaloalvorada.com.br\/site\/wp-json\/wp\/v2\/media\/5675"}],"wp:attachment":[{"href":"https:\/\/jornaloalvorada.com.br\/site\/wp-json\/wp\/v2\/media?parent=7807"}],"wp:term":[{"taxonomy":"category","embeddable":true,"href":"https:\/\/jornaloalvorada.com.br\/site\/wp-json\/wp\/v2\/categories?post=7807"},{"taxonomy":"post_tag","embeddable":true,"href":"https:\/\/jornaloalvorada.com.br\/site\/wp-json\/wp\/v2\/tags?post=7807"}],"curies":[{"name":"wp","href":"https:\/\/api.w.org\/{rel}","templated":true}]}}