{"id":7802,"date":"2024-10-18T13:46:13","date_gmt":"2024-10-18T17:46:13","guid":{"rendered":"https:\/\/jornaloalvorada.com.br\/site\/?p=7802"},"modified":"2024-10-18T13:46:15","modified_gmt":"2024-10-18T17:46:15","slug":"vereador-nelio-justen-2","status":"publish","type":"post","link":"https:\/\/jornaloalvorada.com.br\/site\/2024\/10\/18\/vereador-nelio-justen-2\/","title":{"rendered":"Vereador N\u00e9lio Justen"},"content":{"rendered":"\n<p>Sa\u00fade foi..Sa\u00fade \u00e9..e Sa\u00fade sempre ser\u00e1 prioridade em minha trajet\u00f3ria politica.<\/p>\n\n\n\n<p>Sendo assim, fiz uma visita logo cedo para nossa competente Secret\u00e1ria Municipal de Sa\u00fade @Aline Mesquita, onde me coloquei a disposi\u00e7\u00e3o para continuar trabalhando e trazendo recursos com o objetivo de potencializar ainda mais este importante segmento da Administra\u00e7\u00e3o Municipal.<\/p>\n","protected":false},"excerpt":{"rendered":"<p>Sa\u00fade foi..Sa\u00fade \u00e9..e Sa\u00fade sempre ser\u00e1 prioridade em minha trajet\u00f3ria politica. Sendo assim, fiz uma visita logo cedo para nossa<\/p>\n","protected":false},"author":1,"featured_media":7803,"comment_status":"open","ping_status":"open","sticky":false,"template":"","format":"standard","meta":{"footnotes":""},"categories":[3],"tags":[],"class_list":["post-7802","post","type-post","status-publish","format-standard","has-post-thumbnail","hentry","category-social"],"_links":{"self":[{"href":"https:\/\/jornaloalvorada.com.br\/site\/wp-json\/wp\/v2\/posts\/7802","targetHints":{"allow":["GET"]}}],"collection":[{"href":"https:\/\/jornaloalvorada.com.br\/site\/wp-json\/wp\/v2\/posts"}],"about":[{"href":"https:\/\/jornaloalvorada.com.br\/site\/wp-json\/wp\/v2\/types\/post"}],"author":[{"embeddable":true,"href":"https:\/\/jornaloalvorada.com.br\/site\/wp-json\/wp\/v2\/users\/1"}],"replies":[{"embeddable":true,"href":"https:\/\/jornaloalvorada.com.br\/site\/wp-json\/wp\/v2\/comments?post=7802"}],"version-history":[{"count":1,"href":"https:\/\/jornaloalvorada.com.br\/site\/wp-json\/wp\/v2\/posts\/7802\/revisions"}],"predecessor-version":[{"id":7804,"href":"https:\/\/jornaloalvorada.com.br\/site\/wp-json\/wp\/v2\/posts\/7802\/revisions\/7804"}],"wp:featuredmedia":[{"embeddable":true,"href":"https:\/\/jornaloalvorada.com.br\/site\/wp-json\/wp\/v2\/media\/7803"}],"wp:attachment":[{"href":"https:\/\/jornaloalvorada.com.br\/site\/wp-json\/wp\/v2\/media?parent=7802"}],"wp:term":[{"taxonomy":"category","embeddable":true,"href":"https:\/\/jornaloalvorada.com.br\/site\/wp-json\/wp\/v2\/categories?post=7802"},{"taxonomy":"post_tag","embeddable":true,"href":"https:\/\/jornaloalvorada.com.br\/site\/wp-json\/wp\/v2\/tags?post=7802"}],"curies":[{"name":"wp","href":"https:\/\/api.w.org\/{rel}","templated":true}]}}