{"id":7799,"date":"2024-10-18T13:06:30","date_gmt":"2024-10-18T17:06:30","guid":{"rendered":"https:\/\/jornaloalvorada.com.br\/site\/?p=7799"},"modified":"2024-10-18T13:06:36","modified_gmt":"2024-10-18T17:06:36","slug":"tre-da-aval-e-ivonei-do-sindicato-deve-assumir-vaga-na-camara-de-nova-alvorada-do-sul","status":"publish","type":"post","link":"https:\/\/jornaloalvorada.com.br\/site\/2024\/10\/18\/tre-da-aval-e-ivonei-do-sindicato-deve-assumir-vaga-na-camara-de-nova-alvorada-do-sul\/","title":{"rendered":"TRE d\u00e1 aval, e Ivonei do Sindicato deve assumir vaga na C\u00e2mara de Nova Alvorada do Sul"},"content":{"rendered":"\n<p>O Tribunal Regional Eleitoral de Mato Grosso do Sul (TRE-MS) acolheu embargos de declara\u00e7\u00e3o interpostos pelo candidato Ivonei Batista da Silva, conhecido como \u201cIvonei do Sindicato\u201d (PP). Com a decis\u00e3o, ele deve assumir uma vaga na C\u00e2mara Municipal de Nova Alvorada do Sul ap\u00f3s ser eleito nas elei\u00e7\u00f5es de 2024, com 463 votos.<\/p>\n\n\n\n<p>O Minist\u00e9rio P\u00fablico havia solicitado o indeferimento da candidatura de Ivonei, alegando a falta de documentos necess\u00e1rios. No entanto, durante a an\u00e1lise do recurso, foram apresentadas certid\u00f5es criminais que respaldaram a candidatura. Os magistrados que participaram do julgamento, realizado nesta segunda-feira (14), decidiram, por unanimidade, deferir a candidatura.<\/p>\n\n\n\n<p>A relatora do recurso foi a Ju\u00edza Sandra Regina da Silva Ribeiro Artioli, conforme registrado nos autos de processo n\u00famero 600208-20.2024.6.12.0011. Com a decis\u00e3o, Ivonei do Sindicato ser\u00e1 o representante do PP na C\u00e2mara Municipal.&nbsp;<\/p>\n\n\n\n<p><em><strong>Fonte: Alvorada Informa<\/strong><\/em><\/p>\n","protected":false},"excerpt":{"rendered":"<p>O Tribunal Regional Eleitoral de Mato Grosso do Sul (TRE-MS) acolheu embargos de declara\u00e7\u00e3o interpostos pelo candidato Ivonei Batista da<\/p>\n","protected":false},"author":1,"featured_media":7800,"comment_status":"open","ping_status":"open","sticky":false,"template":"","format":"standard","meta":{"footnotes":""},"categories":[2],"tags":[],"class_list":["post-7799","post","type-post","status-publish","format-standard","has-post-thumbnail","hentry","category-noticias"],"_links":{"self":[{"href":"https:\/\/jornaloalvorada.com.br\/site\/wp-json\/wp\/v2\/posts\/7799","targetHints":{"allow":["GET"]}}],"collection":[{"href":"https:\/\/jornaloalvorada.com.br\/site\/wp-json\/wp\/v2\/posts"}],"about":[{"href":"https:\/\/jornaloalvorada.com.br\/site\/wp-json\/wp\/v2\/types\/post"}],"author":[{"embeddable":true,"href":"https:\/\/jornaloalvorada.com.br\/site\/wp-json\/wp\/v2\/users\/1"}],"replies":[{"embeddable":true,"href":"https:\/\/jornaloalvorada.com.br\/site\/wp-json\/wp\/v2\/comments?post=7799"}],"version-history":[{"count":1,"href":"https:\/\/jornaloalvorada.com.br\/site\/wp-json\/wp\/v2\/posts\/7799\/revisions"}],"predecessor-version":[{"id":7801,"href":"https:\/\/jornaloalvorada.com.br\/site\/wp-json\/wp\/v2\/posts\/7799\/revisions\/7801"}],"wp:featuredmedia":[{"embeddable":true,"href":"https:\/\/jornaloalvorada.com.br\/site\/wp-json\/wp\/v2\/media\/7800"}],"wp:attachment":[{"href":"https:\/\/jornaloalvorada.com.br\/site\/wp-json\/wp\/v2\/media?parent=7799"}],"wp:term":[{"taxonomy":"category","embeddable":true,"href":"https:\/\/jornaloalvorada.com.br\/site\/wp-json\/wp\/v2\/categories?post=7799"},{"taxonomy":"post_tag","embeddable":true,"href":"https:\/\/jornaloalvorada.com.br\/site\/wp-json\/wp\/v2\/tags?post=7799"}],"curies":[{"name":"wp","href":"https:\/\/api.w.org\/{rel}","templated":true}]}}