{"id":7796,"date":"2024-10-18T13:02:00","date_gmt":"2024-10-18T17:02:00","guid":{"rendered":"https:\/\/jornaloalvorada.com.br\/site\/?p=7796"},"modified":"2024-10-18T13:02:02","modified_gmt":"2024-10-18T17:02:02","slug":"prf-prende-casal-com-carro-furtado-durante-blitz-em-nova-alvorada-do-sul","status":"publish","type":"post","link":"https:\/\/jornaloalvorada.com.br\/site\/2024\/10\/18\/prf-prende-casal-com-carro-furtado-durante-blitz-em-nova-alvorada-do-sul\/","title":{"rendered":"PRF prende casal com carro furtado durante blitz em Nova Alvorada do Sul"},"content":{"rendered":"\n<p>Na madrugada desta quinta-feira (17), uma mulher de 26 anos e um homem de 24 anos foram presos em flagrante por recepta\u00e7\u00e3o de um ve\u00edculo em Nova Alvorada do Sul, durante uma a\u00e7\u00e3o da Pol\u00edcia Rodovi\u00e1ria Federal (PRF).<\/p>\n\n\n\n<p>Por volta das 4h15, a PRF realizava uma fiscaliza\u00e7\u00e3o de rotina no km 240 da BR 267. Durante a abordagem, foi verificado que o ve\u00edculo Jeep Compass Limited, de cor preta, conduzido pela mulher, havia sido registrado como furtado, conforme um boletim de ocorr\u00eancia de Tr\u00eas Lagoas\/MS. Ela estava acompanhada do marido e da filha de dois anos.<\/p>\n\n\n\n<p>O marido afirmou que pegou o carro emprestado de seu patr\u00e3o e que estavam se deslocando para Ponta Por\u00e3\/MS para resolver quest\u00f5es de documenta\u00e7\u00e3o pessoal.<\/p>\n\n\n\n<p>O Conselho Tutelar foi acionado devido \u00e0 presen\u00e7a da crian\u00e7a. O casal foi ent\u00e3o preso e apresentado \u00e0 autoridade policial em Nova Alvorada do Sul. Eles devem ser levados \u00e0 Justi\u00e7a nas pr\u00f3ximas horas, onde passar\u00e3o por uma audi\u00eancia de cust\u00f3dia para a defini\u00e7\u00e3o de suas situa\u00e7\u00f5es legais.<\/p>\n\n\n\n<p><strong><em>Fonte: Alvorada Informa<\/em><\/strong><\/p>\n","protected":false},"excerpt":{"rendered":"<p>Na madrugada desta quinta-feira (17), uma mulher de 26 anos e um homem de 24 anos foram presos em flagrante<\/p>\n","protected":false},"author":1,"featured_media":7797,"comment_status":"open","ping_status":"open","sticky":false,"template":"","format":"standard","meta":{"footnotes":""},"categories":[2],"tags":[],"class_list":["post-7796","post","type-post","status-publish","format-standard","has-post-thumbnail","hentry","category-noticias"],"_links":{"self":[{"href":"https:\/\/jornaloalvorada.com.br\/site\/wp-json\/wp\/v2\/posts\/7796","targetHints":{"allow":["GET"]}}],"collection":[{"href":"https:\/\/jornaloalvorada.com.br\/site\/wp-json\/wp\/v2\/posts"}],"about":[{"href":"https:\/\/jornaloalvorada.com.br\/site\/wp-json\/wp\/v2\/types\/post"}],"author":[{"embeddable":true,"href":"https:\/\/jornaloalvorada.com.br\/site\/wp-json\/wp\/v2\/users\/1"}],"replies":[{"embeddable":true,"href":"https:\/\/jornaloalvorada.com.br\/site\/wp-json\/wp\/v2\/comments?post=7796"}],"version-history":[{"count":1,"href":"https:\/\/jornaloalvorada.com.br\/site\/wp-json\/wp\/v2\/posts\/7796\/revisions"}],"predecessor-version":[{"id":7798,"href":"https:\/\/jornaloalvorada.com.br\/site\/wp-json\/wp\/v2\/posts\/7796\/revisions\/7798"}],"wp:featuredmedia":[{"embeddable":true,"href":"https:\/\/jornaloalvorada.com.br\/site\/wp-json\/wp\/v2\/media\/7797"}],"wp:attachment":[{"href":"https:\/\/jornaloalvorada.com.br\/site\/wp-json\/wp\/v2\/media?parent=7796"}],"wp:term":[{"taxonomy":"category","embeddable":true,"href":"https:\/\/jornaloalvorada.com.br\/site\/wp-json\/wp\/v2\/categories?post=7796"},{"taxonomy":"post_tag","embeddable":true,"href":"https:\/\/jornaloalvorada.com.br\/site\/wp-json\/wp\/v2\/tags?post=7796"}],"curies":[{"name":"wp","href":"https:\/\/api.w.org\/{rel}","templated":true}]}}