{"id":7779,"date":"2024-10-17T09:40:54","date_gmt":"2024-10-17T13:40:54","guid":{"rendered":"https:\/\/jornaloalvorada.com.br\/site\/?p=7779"},"modified":"2024-10-17T10:00:47","modified_gmt":"2024-10-17T14:00:47","slug":"servidores-da-receita-paralisam-atividades-nesta-quinta-17-e-consideram-nova-greve","status":"publish","type":"post","link":"https:\/\/jornaloalvorada.com.br\/site\/2024\/10\/17\/servidores-da-receita-paralisam-atividades-nesta-quinta-17-e-consideram-nova-greve\/","title":{"rendered":"Servidores da Receita paralisam atividades nesta quinta (17) e consideram nova greve"},"content":{"rendered":"\n<p>Os servidores da Receita Federal programaram uma paralisa\u00e7\u00e3o de 24 horas, prevista para esta quinta-feira (17), em resposta \u00e0s demandas n\u00e3o atendidas pelo <a href=\"https:\/\/terrabrasilnoticias.com\/2024\/10\/governo-lanca-nova-plataforma-para-consultar-investimentos-globais-veja-como-funciona\/\" target=\"_blank\" rel=\"noreferrer noopener\">governo<\/a>. A movimenta\u00e7\u00e3o ocorre poucos meses ap\u00f3s o t\u00e9rmino de uma greve prolongada, que se estendeu por mais de 80 dias e foi encerrada em fevereiro deste ano.<\/p>\n\n\n\n<p>Em negocia\u00e7\u00f5es anteriores, os auditores da Receita chegaram a um acordo provis\u00f3rio com o governo, representado pelos Minist\u00e9rios da Fazenda e da Gest\u00e3o e Inova\u00e7\u00e3o em Servi\u00e7os P\u00fablicos. Aceitaram ajustes em benef\u00edcios como aux\u00edlio-alimenta\u00e7\u00e3o e sa\u00fade, sem aumento salarial para 2024. O Sindicato dos Auditores-Fiscais da Receita Federal (Sindifisco Nacional) declarou que as propostas estavam de acordo com a realidade fiscal do pa\u00eds, mas os trabalhadores continuam insatisfeitos com a falta de revis\u00e3o salarial desde 2016.<\/p>\n\n\n\n<figure class=\"wp-block-image\"><img decoding=\"async\" src=\"https:\/\/terrabrasilnoticias.com\/wp-content\/uploads\/2024\/10\/image-186-1024x613.png\" alt=\"Servidores da Receita paralisam atividades nesta quinta (17) e consideram nova greve\"\/><figcaption class=\"wp-element-caption\">\u00a9 Marcello Casal JrAg\u00eancia Brasil<\/figcaption><\/figure>\n\n\n\n<h2 class=\"wp-block-heading\">Aumento de Tens\u00e3o e Demandas Persistentes<\/h2>\n\n\n\n<p>D\u00e3o Real, da diretoria intersindical do Sindifisco Nacional, ressaltou que enquanto outras carreiras governamentais, como a AGU e a Pol\u00edcia Federal, t\u00eam mesas de negocia\u00e7\u00e3o cont\u00ednuas, a Receita Federal ficou de fora dessas discuss\u00f5es. Os servidores buscam negocia\u00e7\u00f5es para tratar de perdas inflacion\u00e1rias passadas, ainda n\u00e3o abordadas por completo pelo governo.<\/p>\n\n\n\n<h2 class=\"wp-block-heading\">Perspectiva de Greve e Impacto nos Servi\u00e7os<\/h2>\n\n\n\n<p>Os servidores est\u00e3o considerando uma greve mais extensa caso suas demandas continuem sem resposta. Durante a paralisa\u00e7\u00e3o de um dia, planejam manter pelo menos 30% das opera\u00e7\u00f5es, priorizando importa\u00e7\u00f5es sens\u00edveis, como alimentos e medicamentos. As fiscaliza\u00e7\u00f5es de outras mercadorias podem ser afetadas negativamente, caso a mobiliza\u00e7\u00e3o se intensifique.<\/p>\n\n\n\n<h2 class=\"wp-block-heading\">Acordo de Produtividade e Desafios Futuramente<\/h2>\n\n\n\n<p>O n\u00e3o cumprimento do pagamento de um b\u00f4nus de produtividade, acordado ainda em 2016, \u00e9 uma das principais queixas dos auditores. O governo prop\u00f4s um sistema de b\u00f4nus progressivo, alinhado a metas de arrecada\u00e7\u00e3o, mas os repasses ainda n\u00e3o foram concretizados. O Sindifisco enfatiza a import\u00e2ncia da recomposi\u00e7\u00e3o salarial e critica mudan\u00e7as no entendimento governamental sobre as obriga\u00e7\u00f5es anteriores.<\/p>\n\n\n\n<p>O secret\u00e1rio da Receita, Robinson Barreirinhas, considera o b\u00f4nus um mecanismo moderno para alinhar sal\u00e1rios ao desempenho, mas os auditores buscam apenas a compensa\u00e7\u00e3o por perdas inflacion\u00e1rias acumuladas.<\/p>\n\n\n\n<p><strong><em>Fonte: Terra Brasil Not\u00edcias<\/em><\/strong><\/p>\n","protected":false},"excerpt":{"rendered":"<p>Os servidores da Receita Federal programaram uma paralisa\u00e7\u00e3o de 24 horas, prevista para esta quinta-feira (17), em resposta \u00e0s demandas<\/p>\n","protected":false},"author":1,"featured_media":5265,"comment_status":"open","ping_status":"open","sticky":false,"template":"","format":"standard","meta":{"footnotes":""},"categories":[2],"tags":[],"class_list":["post-7779","post","type-post","status-publish","format-standard","has-post-thumbnail","hentry","category-noticias"],"_links":{"self":[{"href":"https:\/\/jornaloalvorada.com.br\/site\/wp-json\/wp\/v2\/posts\/7779","targetHints":{"allow":["GET"]}}],"collection":[{"href":"https:\/\/jornaloalvorada.com.br\/site\/wp-json\/wp\/v2\/posts"}],"about":[{"href":"https:\/\/jornaloalvorada.com.br\/site\/wp-json\/wp\/v2\/types\/post"}],"author":[{"embeddable":true,"href":"https:\/\/jornaloalvorada.com.br\/site\/wp-json\/wp\/v2\/users\/1"}],"replies":[{"embeddable":true,"href":"https:\/\/jornaloalvorada.com.br\/site\/wp-json\/wp\/v2\/comments?post=7779"}],"version-history":[{"count":1,"href":"https:\/\/jornaloalvorada.com.br\/site\/wp-json\/wp\/v2\/posts\/7779\/revisions"}],"predecessor-version":[{"id":7780,"href":"https:\/\/jornaloalvorada.com.br\/site\/wp-json\/wp\/v2\/posts\/7779\/revisions\/7780"}],"wp:featuredmedia":[{"embeddable":true,"href":"https:\/\/jornaloalvorada.com.br\/site\/wp-json\/wp\/v2\/media\/5265"}],"wp:attachment":[{"href":"https:\/\/jornaloalvorada.com.br\/site\/wp-json\/wp\/v2\/media?parent=7779"}],"wp:term":[{"taxonomy":"category","embeddable":true,"href":"https:\/\/jornaloalvorada.com.br\/site\/wp-json\/wp\/v2\/categories?post=7779"},{"taxonomy":"post_tag","embeddable":true,"href":"https:\/\/jornaloalvorada.com.br\/site\/wp-json\/wp\/v2\/tags?post=7779"}],"curies":[{"name":"wp","href":"https:\/\/api.w.org\/{rel}","templated":true}]}}