{"id":7775,"date":"2024-10-16T12:49:21","date_gmt":"2024-10-16T16:49:21","guid":{"rendered":"https:\/\/jornaloalvorada.com.br\/site\/?p=7775"},"modified":"2024-10-16T12:49:22","modified_gmt":"2024-10-16T16:49:22","slug":"46-dos-brasileiros-desaprovam-governo-lula","status":"publish","type":"post","link":"https:\/\/jornaloalvorada.com.br\/site\/2024\/10\/16\/46-dos-brasileiros-desaprovam-governo-lula\/","title":{"rendered":"46% dos brasileiros desaprovam Governo Lula"},"content":{"rendered":"\n<p>Ap\u00f3s um per\u00edodo de estabiliza\u00e7\u00e3o, o governo do presidente Lula voltou a registrar aumento no \u00edndice de desaprova\u00e7\u00e3o entre os eleitores em outubro de 2024. Isso ocorreu apesar de uma leve queda verificada entre maio e julho, quando a desaprova\u00e7\u00e3o havia ca\u00eddo para 43%. Atualmente, 46% dos entrevistados avaliam o governo de forma negativa, um acr\u00e9scimo em rela\u00e7\u00e3o ao \u00edndice anterior.<\/p>\n\n\n\n<h2 class=\"wp-block-heading\">Metodologia da Pesquisa PoderData<\/h2>\n\n\n\n<p>Os dados foram coletados pelo instituto PoderData entre os dias 12 e 14 de outubro. A pesquisa incluiu 2.500 entrevistas realizadas por meio de liga\u00e7\u00f5es para celulares e telefones fixos, abrangendo 181 munic\u00edpios localizados nas 27 unidades da Federa\u00e7\u00e3o. A margem de erro da pesquisa \u00e9 de 2 pontos percentuais, com um intervalo de confian\u00e7a de 95%.<\/p>\n\n\n\n<h2 class=\"wp-block-heading\">Compara\u00e7\u00e3o e Segmenta\u00e7\u00e3o dos Dados<\/h2>\n\n\n\n<p>No in\u00edcio do mandato, em janeiro de 2023, o governo Lula gozava de uma aprova\u00e7\u00e3o de 52%, comparativamentemente ao \u00edndice de desaprova\u00e7\u00e3o de 39%. Este cen\u00e1rio tem se alterado ao longo do tempo, com significativa varia\u00e7\u00e3o entre diferentes grupos demogr\u00e1ficos. Em outubro de 2024, a aprova\u00e7\u00e3o foi mais alta entre os jovens de 16 a 24 anos, atingindo 60%, e os idosos com 60 anos ou mais, com 55%.<\/p>\n\n\n\n<p>Por outro lado, o governo \u00e9 mais desaprovado entre aqueles com educa\u00e7\u00e3o superior (54%) e os que recebem mais de 5 sal\u00e1rios m\u00ednimos (53%). Ademais, a desaprova\u00e7\u00e3o \u00e9 maior entre homens, alcan\u00e7ando 52%, enquanto entre mulheres, a aprova\u00e7\u00e3o \u00e9 ligeiramente superior, com 51%.<\/p>\n\n\n\n<h2 class=\"wp-block-heading\">Distribui\u00e7\u00e3o Geogr\u00e1fica e Religiosa da Avalia\u00e7\u00e3o<\/h2>\n\n\n\n<p>No aspecto regional, o governo Lula mant\u00e9m n\u00edveis constantes de aprova\u00e7\u00e3o no Nordeste, conforme as estat\u00edsticas de janeiro de 2023, com 53% de aprova\u00e7\u00e3o e 39% de desaprova\u00e7\u00e3o. Contudo, nas regi\u00f5es Centro-Oeste e Sul, a desaprova\u00e7\u00e3o foi notadamente alta, atingindo 55% e 54%, respectivamente.<\/p>\n\n\n\n<p>Considerando o fator religioso, h\u00e1 uma clara divis\u00e3o nas opini\u00f5es. Cat\u00f3licos tendem a aprovar mais o governo, com uma taxa de aprova\u00e7\u00e3o de 55%, apesar de ter ca\u00eddo de 62% registrado em janeiro de 2023. Entre os evang\u00e9licos, a desaprova\u00e7\u00e3o atinge 60%, um aumento em rela\u00e7\u00e3o aos 56% anotados no come\u00e7o do mandato.<\/p>\n\n\n\n<h2 class=\"wp-block-heading\">Avalia\u00e7\u00e3o do Desempenho Pessoal de Lula<\/h2>\n\n\n\n<p>Em rela\u00e7\u00e3o ao desempenho pessoal do presidente Lula, 30% dos entrevistados classificam seu trabalho como \u201c\u00f3timo\/bom\u201d, um decl\u00ednio significativo desde janeiro de 2023, quando esse n\u00famero era de 43%. O grupo que considera o desempenho de Lula como \u201cregular\u201d subiu de 14% no in\u00edcio do governo para 35% atualmente. Em contrapartida, 31% classificam o trabalho do presidente como \u201cruim\/p\u00e9ssimo\u201d, uma redu\u00e7\u00e3o em rela\u00e7\u00e3o aos 35% de janeiro de 2023.<\/p>\n\n\n\n<p><strong><em>Fonte: Terra Brasil Not\u00edcias<\/em><\/strong><\/p>\n\n\n\n<p><\/p>\n","protected":false},"excerpt":{"rendered":"<p>Ap\u00f3s um per\u00edodo de estabiliza\u00e7\u00e3o, o governo do presidente Lula voltou a registrar aumento no \u00edndice de desaprova\u00e7\u00e3o entre os<\/p>\n","protected":false},"author":1,"featured_media":7776,"comment_status":"open","ping_status":"open","sticky":false,"template":"","format":"standard","meta":{"footnotes":""},"categories":[2],"tags":[],"class_list":["post-7775","post","type-post","status-publish","format-standard","has-post-thumbnail","hentry","category-noticias"],"_links":{"self":[{"href":"https:\/\/jornaloalvorada.com.br\/site\/wp-json\/wp\/v2\/posts\/7775","targetHints":{"allow":["GET"]}}],"collection":[{"href":"https:\/\/jornaloalvorada.com.br\/site\/wp-json\/wp\/v2\/posts"}],"about":[{"href":"https:\/\/jornaloalvorada.com.br\/site\/wp-json\/wp\/v2\/types\/post"}],"author":[{"embeddable":true,"href":"https:\/\/jornaloalvorada.com.br\/site\/wp-json\/wp\/v2\/users\/1"}],"replies":[{"embeddable":true,"href":"https:\/\/jornaloalvorada.com.br\/site\/wp-json\/wp\/v2\/comments?post=7775"}],"version-history":[{"count":1,"href":"https:\/\/jornaloalvorada.com.br\/site\/wp-json\/wp\/v2\/posts\/7775\/revisions"}],"predecessor-version":[{"id":7777,"href":"https:\/\/jornaloalvorada.com.br\/site\/wp-json\/wp\/v2\/posts\/7775\/revisions\/7777"}],"wp:featuredmedia":[{"embeddable":true,"href":"https:\/\/jornaloalvorada.com.br\/site\/wp-json\/wp\/v2\/media\/7776"}],"wp:attachment":[{"href":"https:\/\/jornaloalvorada.com.br\/site\/wp-json\/wp\/v2\/media?parent=7775"}],"wp:term":[{"taxonomy":"category","embeddable":true,"href":"https:\/\/jornaloalvorada.com.br\/site\/wp-json\/wp\/v2\/categories?post=7775"},{"taxonomy":"post_tag","embeddable":true,"href":"https:\/\/jornaloalvorada.com.br\/site\/wp-json\/wp\/v2\/tags?post=7775"}],"curies":[{"name":"wp","href":"https:\/\/api.w.org\/{rel}","templated":true}]}}