{"id":7769,"date":"2024-10-16T12:47:12","date_gmt":"2024-10-16T16:47:12","guid":{"rendered":"https:\/\/jornaloalvorada.com.br\/site\/?p=7769"},"modified":"2024-10-16T12:47:14","modified_gmt":"2024-10-16T16:47:14","slug":"todos-os-veiculos-devem-seguir-a-nova-lei-dos-retrovisores-que-ja-esta-valendo","status":"publish","type":"post","link":"https:\/\/jornaloalvorada.com.br\/site\/2024\/10\/16\/todos-os-veiculos-devem-seguir-a-nova-lei-dos-retrovisores-que-ja-esta-valendo\/","title":{"rendered":"Todos os ve\u00edculos devem seguir a NOVA lei dos retrovisores que j\u00e1 est\u00e1 valendo!"},"content":{"rendered":"\n<p>O Conselho Nacional de Tr\u00e2nsito (<a href=\"https:\/\/www.gov.br\/transportes\/pt-br\/assuntos\/transito\/conteudo-Senatran\/resolucoes-contran\">Contran)<\/a> anunciou recentemente uma nova legisla\u00e7\u00e3o focada no aprimoramento da seguran\u00e7a nos ve\u00edculos escolares. A medida, direcionada principalmente para vans e micro-\u00f4nibus escolares, busca enfrentar o problema dos pontos cegos e melhorar a visibilidade para motoristas.<\/p>\n\n\n\n<h2 class=\"wp-block-heading\">Como funciona a nova lei dos retrovisores?<\/h2>\n\n\n\n<p>A nova regulamenta\u00e7\u00e3o do Contran estabelece diretrizes espec\u00edficas para a configura\u00e7\u00e3o dos retrovisores, garantindo que os motoristas tenham uma vis\u00e3o clara e abrangente do entorno dos ve\u00edculos. Essa norma visa melhorar a seguran\u00e7a dos passageiros, especialmente das crian\u00e7as, que s\u00e3o mais suscept\u00edveis a ficarem fora do campo de vis\u00e3o do motorista.<\/p>\n\n\n\n<h2 class=\"wp-block-heading\">Qual \u00e9 a o objetivo da nova lei dos retrovisores?<\/h2>\n\n\n\n<p>A regulamenta\u00e7\u00e3o enfatiza a necessidade de garantir que as crian\u00e7as sejam vis\u00edveis aos motoristas. Este aspecto \u00e9 crucial, considerando que a altura das crian\u00e7as pode lev\u00e1-las a \u00e1reas de ponto cego, aumentando o risco de acidentes. Desta forma, a visibilidade adequada assegura maior prote\u00e7\u00e3o para os passageiros mais jovens, tanto dentro quanto fora do ve\u00edculo.<\/p>\n\n\n\n<h3 class=\"wp-block-heading\">Benef\u00edcios das Novas Regras para Crian\u00e7as<\/h3>\n\n\n\n<ul class=\"wp-block-list\">\n<li><strong>Maior visibilidade:<\/strong>\u00a0A regulamenta\u00e7\u00e3o exige espelhos com \u00e1rea m\u00ednima espec\u00edfica, permitindo que motoristas tenham uma vis\u00e3o mais abrangente.<\/li>\n\n\n\n<li><strong>Redu\u00e7\u00e3o do risco de acidentes:<\/strong>\u00a0O aumento da visibilidade minimiza o risco de acidentes relacionados a pontos cegos.<\/li>\n\n\n\n<li><strong>Prote\u00e7\u00e3o em colis\u00f5es:<\/strong>\u00a0A visualiza\u00e7\u00e3o eficaz das crian\u00e7as permite a\u00e7\u00f5es preventivas em situa\u00e7\u00f5es de risco.<\/li>\n<\/ul>\n\n\n\n<h2 class=\"wp-block-heading\">Recomenda\u00e7\u00f5es para Motoristas de Ve\u00edculos Escolares<\/h2>\n\n\n\n<p>Os motoristas devem ajustar os retrovisores de forma correta e verificar a posi\u00e7\u00e3o das crian\u00e7as, garantindo visibilidade durante o trajeto. Al\u00e9m disso, o uso de cadeiras de seguran\u00e7a, adequadas ao tamanho e peso das crian\u00e7as, \u00e9 fundamental para garantir a seguran\u00e7a em caso de acidentes.<\/p>\n\n\n\n<h2 class=\"wp-block-heading\">Implementa\u00e7\u00e3o de Novos Itens de Seguran\u00e7a nos Ve\u00edculos<\/h2>\n\n\n\n<p>Desde o in\u00edcio do ano, ve\u00edculos 0 km precisam atender a novas exig\u00eancias de seguran\u00e7a, como controle de estabilidade e luzes diurnas. Contudo, para ve\u00edculos escolares, como vans e \u00f4nibus, essas medidas entrar\u00e3o em vigor apenas a partir de 2025. As mudan\u00e7as visam aumentar a seguran\u00e7a no tr\u00e2nsito e proteger tanto motoristas quanto passageiros.<\/p>\n\n\n\n<h2 class=\"wp-block-heading\">Avan\u00e7os em Sinaliza\u00e7\u00e3o e Seguran\u00e7a no Tr\u00e2nsito<\/h2>\n\n\n\n<p>Novas exig\u00eancias, incluindo luzes de frenagem de emerg\u00eancia e repetidores de seta nos retrovisores, foram introduzidas para ve\u00edculos produzidos a partir de 2024. Estas inova\u00e7\u00f5es visam melhorar a seguran\u00e7a tornando os ve\u00edculos mais vis\u00edveis e diminuindo o risco de acidentes, especialmente em condi\u00e7\u00f5es de baixa visibilidade.<\/p>\n\n\n\n<h2 class=\"wp-block-heading\">Impacto das Novas Tecnologias para os motoristas<\/h2>\n\n\n\n<ul class=\"wp-block-list\">\n<li><strong>Ve\u00edculos mais seguros:<\/strong>\u00a0Os novos modelos estar\u00e3o equipados com tecnologias avan\u00e7adas de seguran\u00e7a.<\/li>\n\n\n\n<li><strong>Maior tranquilidade ao dirigir:<\/strong>\u00a0As novas tecnologias oferecem mais seguran\u00e7a e confian\u00e7a para motoristas e passageiros.<\/li>\n\n\n\n<li><strong>Adapta\u00e7\u00e3o \u00e0s novas normas:<\/strong>\u00a0A familiariza\u00e7\u00e3o com as mudan\u00e7as e a aten\u00e7\u00e3o aos novos sinais nos ve\u00edculos s\u00e3o essenciais para a seguran\u00e7a.<\/li>\n<\/ul>\n\n\n\n<p>Em suma, as normas atualizadas do Contran representam um avan\u00e7o importante na seguran\u00e7a vi\u00e1ria, com foco especial na prote\u00e7\u00e3o das crian\u00e7as transportadas em ve\u00edculos escolares. Motoristas e fabricantes de ve\u00edculos devem estar atentos e se adaptar \u00e0s novas exig\u00eancias para garantir a seguran\u00e7a de todos os ocupantes.<\/p>\n\n\n\n<p><strong><em>Fonte: Terra Brasil Not\u00edcias<\/em><\/strong><\/p>\n","protected":false},"excerpt":{"rendered":"<p>O Conselho Nacional de Tr\u00e2nsito (Contran) anunciou recentemente uma nova legisla\u00e7\u00e3o focada no aprimoramento da seguran\u00e7a nos ve\u00edculos escolares. A<\/p>\n","protected":false},"author":1,"featured_media":7770,"comment_status":"open","ping_status":"open","sticky":false,"template":"","format":"standard","meta":{"footnotes":""},"categories":[2],"tags":[],"class_list":["post-7769","post","type-post","status-publish","format-standard","has-post-thumbnail","hentry","category-noticias"],"_links":{"self":[{"href":"https:\/\/jornaloalvorada.com.br\/site\/wp-json\/wp\/v2\/posts\/7769","targetHints":{"allow":["GET"]}}],"collection":[{"href":"https:\/\/jornaloalvorada.com.br\/site\/wp-json\/wp\/v2\/posts"}],"about":[{"href":"https:\/\/jornaloalvorada.com.br\/site\/wp-json\/wp\/v2\/types\/post"}],"author":[{"embeddable":true,"href":"https:\/\/jornaloalvorada.com.br\/site\/wp-json\/wp\/v2\/users\/1"}],"replies":[{"embeddable":true,"href":"https:\/\/jornaloalvorada.com.br\/site\/wp-json\/wp\/v2\/comments?post=7769"}],"version-history":[{"count":1,"href":"https:\/\/jornaloalvorada.com.br\/site\/wp-json\/wp\/v2\/posts\/7769\/revisions"}],"predecessor-version":[{"id":7771,"href":"https:\/\/jornaloalvorada.com.br\/site\/wp-json\/wp\/v2\/posts\/7769\/revisions\/7771"}],"wp:featuredmedia":[{"embeddable":true,"href":"https:\/\/jornaloalvorada.com.br\/site\/wp-json\/wp\/v2\/media\/7770"}],"wp:attachment":[{"href":"https:\/\/jornaloalvorada.com.br\/site\/wp-json\/wp\/v2\/media?parent=7769"}],"wp:term":[{"taxonomy":"category","embeddable":true,"href":"https:\/\/jornaloalvorada.com.br\/site\/wp-json\/wp\/v2\/categories?post=7769"},{"taxonomy":"post_tag","embeddable":true,"href":"https:\/\/jornaloalvorada.com.br\/site\/wp-json\/wp\/v2\/tags?post=7769"}],"curies":[{"name":"wp","href":"https:\/\/api.w.org\/{rel}","templated":true}]}}