{"id":7766,"date":"2024-10-16T12:45:46","date_gmt":"2024-10-16T16:45:46","guid":{"rendered":"https:\/\/jornaloalvorada.com.br\/site\/?p=7766"},"modified":"2024-10-16T12:45:47","modified_gmt":"2024-10-16T16:45:47","slug":"mitos-e-verdades-recarregar-carros-eletricos-na-chuva-e-seguro","status":"publish","type":"post","link":"https:\/\/jornaloalvorada.com.br\/site\/2024\/10\/16\/mitos-e-verdades-recarregar-carros-eletricos-na-chuva-e-seguro\/","title":{"rendered":"Mitos e Verdades: recarregar carros el\u00e9tricos na chuva, \u00e9 seguro?"},"content":{"rendered":"\n<p>A transi\u00e7\u00e3o para ve\u00edculos el\u00e9tricos vem ganhando for\u00e7a globalmente, e o Brasil n\u00e3o est\u00e1 ficando para tr\u00e1s. Em 2024, o pa\u00eds registrou um aumento expressivo na ado\u00e7\u00e3o de carros el\u00e9tricos, com um crescimento de 506,23% no n\u00famero de emplacamentos em rela\u00e7\u00e3o ao ano anterior. O mercado brasileiro, que at\u00e9 ent\u00e3o caminhava a passos mais lentos, agora v\u00ea a eletrifica\u00e7\u00e3o n\u00e3o apenas como tend\u00eancia, mas como uma realidade consolidada. Conhe\u00e7a tamb\u00e9m a lista com os <a href=\"https:\/\/terrabrasilnoticias.com\/2024\/09\/os-10-carros-mais-economicos-do-brasil-para-2025\/\">10 carros<\/a> mais econ\u00f4micos para 2025.<\/p>\n\n\n\n<h2 class=\"wp-block-heading\">Seguran\u00e7a e Usabilidade dos Carros El\u00e9tricos<\/h2>\n\n\n\n<p>Uma das principais preocupa\u00e7\u00f5es em rela\u00e7\u00e3o aos carros el\u00e9tricos \u00e9 a seguran\u00e7a. No entanto, a ideia de que esses ve\u00edculos podem causar choques el\u00e9tricos \u00e9 incorreta. Os sistemas de alta voltagem s\u00e3o cuidadosamente isolados para prevenir qualquer risco de eletrocuss\u00e3o, mesmo em condi\u00e7\u00f5es adversas, como a submers\u00e3o. Segundo Carlos Augusto Roma, da Associa\u00e7\u00e3o Brasileira do Ve\u00edculo El\u00e9trico (ABVE), o design de seguran\u00e7a \u00e9 t\u00e3o robusto que a probabilidade de um choque el\u00e9trico \u00e9 menor do que ganhar na loteria.<\/p>\n\n\n\n<h2 class=\"wp-block-heading\">Recarregamento em Diferentes Condi\u00e7\u00f5es<\/h2>\n\n\n\n<p>Outro mito prevalente \u00e9 que os carros el\u00e9tricos n\u00e3o podem ser recarregados sob chuva. Isso est\u00e1 longe da verdade, j\u00e1 que os cabos de recarga s\u00e3o projetados para permanecerem n\u00e3o energizados at\u00e9 que sejam conectados corretamente ao ve\u00edculo. Fabio Delatore, especialista em ve\u00edculos el\u00e9tricos, explica que existe uma comunica\u00e7\u00e3o segura entre o carro e o carregador, garantindo que a recarga comece somente ap\u00f3s a valida\u00e7\u00e3o das informa\u00e7\u00f5es. Este mecanismo previne qualquer descarga el\u00e9trica indesejada.<\/p>\n\n\n\n<figure class=\"wp-block-image\" id=\"attachment_206849\"><img decoding=\"async\" src=\"https:\/\/terrabrasilnoticias.com\/wp-content\/uploads\/2024\/10\/electric-car-rain_1728929390896-300x169.jpg\" alt=\"\"\/><figcaption class=\"wp-element-caption\">Cr\u00e9ditos: depositphotos.com \/ castenoid<\/figcaption><\/figure>\n\n\n\n<h2 class=\"wp-block-heading\">Manuten\u00e7\u00e3o e Durabilidade das Baterias<\/h2>\n\n\n\n<p>A manuten\u00e7\u00e3o de carros el\u00e9tricos \u00e9, na maioria das vezes, mais acess\u00edvel do que a de ve\u00edculos a combust\u00e3o. Sem a necessidade de itens como \u00f3leo ou velas, os el\u00e9tricos demandam menos manuten\u00e7\u00e3o. Compara\u00e7\u00f5es entre modelos equivalentes mostram pre\u00e7os de revis\u00e3o mais baixos para el\u00e9tricos. Quanto \u00e0s baterias, frequentemente comparadas \u00e0s de celulares, n\u00e3o apresentam problemas de \u2018v\u00edcio\u2019, desde que operadas adequadamente. Elas s\u00e3o projetadas para durar, oferecendo garantias de at\u00e9 8 anos antes de uma redu\u00e7\u00e3o significativa na capacidade.<\/p>\n\n\n\n<h2 class=\"wp-block-heading\">Impactos Ambientais e Reciclagem<\/h2>\n\n\n\n<p>Embora o descarte de baterias seja um ponto de discuss\u00e3o, \u00e9 fundamental compreender que elas cont\u00eam componentes valiosos pass\u00edveis de reciclagem. O processo adequado de descarte e reciclagem est\u00e1 se desenvolvendo \u00e0 medida que cresce a demanda por ve\u00edculos el\u00e9tricos. Este desafio apresenta uma oportunidade para aprimorar pr\u00e1ticas sustent\u00e1veis, tornando o impacto ambiental positivo.<\/p>\n\n\n\n<h2 class=\"wp-block-heading\">Considera\u00e7\u00f5es Finais sobre a Viabilidade Econ\u00f4mica<\/h2>\n\n\n\n<p>A percep\u00e7\u00e3o de que os custos de seguro para carros el\u00e9tricos s\u00e3o superiores \u00e9 um engano. Embora os valores possam variar, muitas vezes eles s\u00e3o competitivos em compara\u00e7\u00e3o com ve\u00edculos a combust\u00e3o. O mercado de ve\u00edculos el\u00e9tricos no Brasil est\u00e1 em franca expans\u00e3o e, com o aumento da infraestrutura e suporte, espera-se que esse tipo de ve\u00edculo se torne ainda mais atraente para consumidores preocupados com sustentabilidade e efici\u00eancia.<\/p>\n\n\n\n<p><strong><em>Fonte: Terra Brasil Not\u00edcias<\/em><\/strong><\/p>\n","protected":false},"excerpt":{"rendered":"<p>A transi\u00e7\u00e3o para ve\u00edculos el\u00e9tricos vem ganhando for\u00e7a globalmente, e o Brasil n\u00e3o est\u00e1 ficando para tr\u00e1s. Em 2024, o<\/p>\n","protected":false},"author":1,"featured_media":7767,"comment_status":"open","ping_status":"open","sticky":false,"template":"","format":"standard","meta":{"footnotes":""},"categories":[2],"tags":[],"class_list":["post-7766","post","type-post","status-publish","format-standard","has-post-thumbnail","hentry","category-noticias"],"_links":{"self":[{"href":"https:\/\/jornaloalvorada.com.br\/site\/wp-json\/wp\/v2\/posts\/7766","targetHints":{"allow":["GET"]}}],"collection":[{"href":"https:\/\/jornaloalvorada.com.br\/site\/wp-json\/wp\/v2\/posts"}],"about":[{"href":"https:\/\/jornaloalvorada.com.br\/site\/wp-json\/wp\/v2\/types\/post"}],"author":[{"embeddable":true,"href":"https:\/\/jornaloalvorada.com.br\/site\/wp-json\/wp\/v2\/users\/1"}],"replies":[{"embeddable":true,"href":"https:\/\/jornaloalvorada.com.br\/site\/wp-json\/wp\/v2\/comments?post=7766"}],"version-history":[{"count":1,"href":"https:\/\/jornaloalvorada.com.br\/site\/wp-json\/wp\/v2\/posts\/7766\/revisions"}],"predecessor-version":[{"id":7768,"href":"https:\/\/jornaloalvorada.com.br\/site\/wp-json\/wp\/v2\/posts\/7766\/revisions\/7768"}],"wp:featuredmedia":[{"embeddable":true,"href":"https:\/\/jornaloalvorada.com.br\/site\/wp-json\/wp\/v2\/media\/7767"}],"wp:attachment":[{"href":"https:\/\/jornaloalvorada.com.br\/site\/wp-json\/wp\/v2\/media?parent=7766"}],"wp:term":[{"taxonomy":"category","embeddable":true,"href":"https:\/\/jornaloalvorada.com.br\/site\/wp-json\/wp\/v2\/categories?post=7766"},{"taxonomy":"post_tag","embeddable":true,"href":"https:\/\/jornaloalvorada.com.br\/site\/wp-json\/wp\/v2\/tags?post=7766"}],"curies":[{"name":"wp","href":"https:\/\/api.w.org\/{rel}","templated":true}]}}