{"id":7763,"date":"2024-10-16T12:44:14","date_gmt":"2024-10-16T16:44:14","guid":{"rendered":"https:\/\/jornaloalvorada.com.br\/site\/?p=7763"},"modified":"2024-10-16T12:44:20","modified_gmt":"2024-10-16T16:44:20","slug":"chegou-a-hora-de-levar-a-serio-revisao-estrutural-de-gastos-diz-simone-tebet","status":"publish","type":"post","link":"https:\/\/jornaloalvorada.com.br\/site\/2024\/10\/16\/chegou-a-hora-de-levar-a-serio-revisao-estrutural-de-gastos-diz-simone-tebet\/","title":{"rendered":"\u201cChegou a hora\u201d de levar a s\u00e9rio revis\u00e3o estrutural de gastos, diz Simone Tebet"},"content":{"rendered":"\n<p>Em um encontro realizado na ter\u00e7a-feira, 15 de outubro de 2023, a ministra do Planejamento e Or\u00e7amento do Brasil, Simone Tebet, ressaltou a necessidade urgente de reavaliar os gastos p\u00fablicos no pa\u00eds. Durante a coletiva de imprensa ap\u00f3s a reuni\u00e3o com o ministro da Fazenda, Fernando Haddad, Tebet enfatizou que o Brasil deve adotar uma abordagem mais rigorosa em rela\u00e7\u00e3o \u00e0 revis\u00e3o estrutural dos gastos governamentais.<\/p>\n\n\n\n<h2 class=\"wp-block-heading\">O Contexto Atual das Finan\u00e7as P\u00fablicas<\/h2>\n\n\n\n<p>Nos \u00faltimos anos, o Brasil tem enfrentado desafios significativos no que diz respeito ao equil\u00edbrio fiscal. Segundo Simone Tebet, tanto o governo quanto o Congresso j\u00e1 implementaram medidas importantes no que se refere \u00e0 receita, mas essas a\u00e7\u00f5es, por si s\u00f3, n\u00e3o s\u00e3o suficientes para resolver os problemas fiscais do pa\u00eds. A ministra destacou a necessidade de uma avalia\u00e7\u00e3o mais profunda e cuidadosa das despesas p\u00fablicas para evitar inefici\u00eancias e otimizar o uso dos recursos.<\/p>\n\n\n\n<h2 class=\"wp-block-heading\">Pr\u00f3ximos Passos: Estrat\u00e9gias e Di\u00e1logos<\/h2>\n\n\n\n<p>Tebet prop\u00f4s que, ap\u00f3s o segundo turno das Elei\u00e7\u00f5es Municipais de 2024, se iniciem discuss\u00f5es mais detalhadas com o presidente Lula, acompanhadas de di\u00e1logos com os presidentes da C\u00e2mara e do Senado para efetivar a revis\u00e3o proposta. Segundo a ministra, essa estrat\u00e9gia poder\u00e1 liberar at\u00e9 R$ 20 bilh\u00f5es no or\u00e7amento, uma economia consider\u00e1vel que, segundo suas palavras, \u201cest\u00e1 trancada no cofre\u201d. Contudo, detalhes sobre essas medidas ainda n\u00e3o foram divulgados.<\/p>\n\n\n\n<h2 class=\"wp-block-heading\">Impacto Potencial das Medidas de Revis\u00e3o<\/h2>\n\n\n\n<p>\u00c9 importante ressaltar que a proposta de revis\u00e3o de gastos, conforme indicada pela ministra, n\u00e3o visa retirar direitos dos cidad\u00e3os brasileiros. O objetivo \u00e9 revisar e potencialmente eliminar pol\u00edticas consideradas ineficientes, contribuindo assim para atingir as metas fiscais projetadas para 2025 e 2026. Essa revis\u00e3o \u00e9 vista como um passo crucial para modernizar a gest\u00e3o das finan\u00e7as p\u00fablicas e garantir a sustentabilidade fiscal a longo prazo.<\/p>\n\n\n\n<h2 class=\"wp-block-heading\">Compromisso com o Arcabou\u00e7o Fiscal<\/h2>\n\n\n\n<p>Paralelamente, Tebet reafirmou o compromisso do governo com o arcabou\u00e7o fiscal atual, uma regra implementada para controlar os gastos p\u00fablicos no Brasil. Segundo ela, n\u00e3o h\u00e1 inten\u00e7\u00e3o de alterar essa estrutura, que desempenha um papel fundamental na manuten\u00e7\u00e3o da estabilidade econ\u00f4mica. A ministra destacou mais uma vez que o foco no momento est\u00e1 em \u201clevar a s\u00e9rio\u201d a revis\u00e3o estrutural dos gastos como forma de estabelecer um controle fiscal mais eficaz.<\/p>\n\n\n\n<p>Em resumo, o governo brasileiro sinaliza com essas medidas um compromisso refor\u00e7ado em buscar solu\u00e7\u00f5es duradouras para os desafios fiscais, ao mesmo tempo em que busca preservar os direitos dos cidad\u00e3os e garantir a efici\u00eancia nas pol\u00edticas p\u00fablicas.<\/p>\n\n\n\n<p><strong><em>Fonte: Terra Brasil Not\u00edcias<\/em><\/strong><\/p>\n","protected":false},"excerpt":{"rendered":"<p>Em um encontro realizado na ter\u00e7a-feira, 15 de outubro de 2023, a ministra do Planejamento e Or\u00e7amento do Brasil, Simone<\/p>\n","protected":false},"author":1,"featured_media":7764,"comment_status":"open","ping_status":"open","sticky":false,"template":"","format":"standard","meta":{"footnotes":""},"categories":[2],"tags":[],"class_list":["post-7763","post","type-post","status-publish","format-standard","has-post-thumbnail","hentry","category-noticias"],"_links":{"self":[{"href":"https:\/\/jornaloalvorada.com.br\/site\/wp-json\/wp\/v2\/posts\/7763","targetHints":{"allow":["GET"]}}],"collection":[{"href":"https:\/\/jornaloalvorada.com.br\/site\/wp-json\/wp\/v2\/posts"}],"about":[{"href":"https:\/\/jornaloalvorada.com.br\/site\/wp-json\/wp\/v2\/types\/post"}],"author":[{"embeddable":true,"href":"https:\/\/jornaloalvorada.com.br\/site\/wp-json\/wp\/v2\/users\/1"}],"replies":[{"embeddable":true,"href":"https:\/\/jornaloalvorada.com.br\/site\/wp-json\/wp\/v2\/comments?post=7763"}],"version-history":[{"count":1,"href":"https:\/\/jornaloalvorada.com.br\/site\/wp-json\/wp\/v2\/posts\/7763\/revisions"}],"predecessor-version":[{"id":7765,"href":"https:\/\/jornaloalvorada.com.br\/site\/wp-json\/wp\/v2\/posts\/7763\/revisions\/7765"}],"wp:featuredmedia":[{"embeddable":true,"href":"https:\/\/jornaloalvorada.com.br\/site\/wp-json\/wp\/v2\/media\/7764"}],"wp:attachment":[{"href":"https:\/\/jornaloalvorada.com.br\/site\/wp-json\/wp\/v2\/media?parent=7763"}],"wp:term":[{"taxonomy":"category","embeddable":true,"href":"https:\/\/jornaloalvorada.com.br\/site\/wp-json\/wp\/v2\/categories?post=7763"},{"taxonomy":"post_tag","embeddable":true,"href":"https:\/\/jornaloalvorada.com.br\/site\/wp-json\/wp\/v2\/tags?post=7763"}],"curies":[{"name":"wp","href":"https:\/\/api.w.org\/{rel}","templated":true}]}}