{"id":7760,"date":"2024-10-16T12:43:07","date_gmt":"2024-10-16T16:43:07","guid":{"rendered":"https:\/\/jornaloalvorada.com.br\/site\/?p=7760"},"modified":"2024-10-16T12:43:10","modified_gmt":"2024-10-16T16:43:10","slug":"tarifacao-proporcional-por-quilometro-a-revolucao-no-modelo-de-pedagios-no-brasil","status":"publish","type":"post","link":"https:\/\/jornaloalvorada.com.br\/site\/2024\/10\/16\/tarifacao-proporcional-por-quilometro-a-revolucao-no-modelo-de-pedagios-no-brasil\/","title":{"rendered":"Tarifa\u00e7\u00e3o proporcional por quil\u00f4metro: a revolu\u00e7\u00e3o no modelo de ped\u00e1gios no Brasil"},"content":{"rendered":"\n<p>Os ped\u00e1gios do tipo \u201cfree flow\u201d, ou seja, sem cancela, come\u00e7aram a ser implementados no Brasil no \u00faltimo ano, especialmente em trechos geridos pela concession\u00e1ria CCR RioSP. Este sistema, amplamente utilizado em pa\u00edses da Europa e Am\u00e9rica do Norte, visa aumentar a fluidez do tr\u00e1fego nas rodovias ao eliminar a necessidade de paradas nos ped\u00e1gios tradicionais.<\/p>\n\n\n\n<p>No in\u00edcio desta semana, o Ministro dos Transportes, Renan Filho, anunciou uma resolu\u00e7\u00e3o que prop\u00f5e a ado\u00e7\u00e3o do sistema de ped\u00e1gio eletr\u00f4nico em todo o territ\u00f3rio nacional. A medida tem como objetivo principal substituir os ped\u00e1gios tradicionais por este novo modelo, prometendo melhorias significativas no fluxo de ve\u00edculos e uma redu\u00e7\u00e3o na emiss\u00e3o de carbono devido ao tr\u00e1fego mais fluido. Conhe\u00e7a tamb\u00e9m a lista com os <a href=\"https:\/\/terrabrasilnoticias.com\/2024\/09\/os-10-carros-mais-economicos-do-brasil-para-2025\/\">10 carros<\/a> mais econ\u00f4micos para 2025.<\/p>\n\n\n\n<h2 class=\"wp-block-heading\">Opera\u00e7\u00e3o dos Ped\u00e1gios Free Flow<\/h2>\n\n\n\n<p>O sistema de ped\u00e1gio eletr\u00f4nico funciona de forma semelhante ao tradicional, mas elimina a necessidade de paradas. A cobran\u00e7a dos motoristas \u00e9 realizada por meio da leitura das placas dos ve\u00edculos ou atrav\u00e9s do uso de TAGs eletr\u00f4nicas, como \u2018Sem Parar\u2019, \u2018Connect Car\u2019 e \u2018Veloe\u2019. Este m\u00e9todo n\u00e3o s\u00f3 acelera o processo de cobran\u00e7a, como tamb\u00e9m possibilita descontos progressivos, conforme detalhado no contrato de concess\u00e3o.<\/p>\n\n\n\n<p>Por exemplo, na CCR RioSP, ao utilizar uma TAG, a cobran\u00e7a \u00e9 feita diretamente na fatura da operadora. Motoristas sem TAG devem pagar a tarifa pelos meios de comunica\u00e7\u00e3o digital disponibilizados pela concession\u00e1ria em at\u00e9 15 dias. Caso contr\u00e1rio, est\u00e3o sujeitos a multas previstas no C\u00f3digo de Tr\u00e2nsito Brasileiro, al\u00e9m de encargos adicionais por atraso.<\/p>\n\n\n\n<h2 class=\"wp-block-heading\">Altera\u00e7\u00f5es na Tarifa\u00e7\u00e3o e Custos<\/h2>\n\n\n\n<p>Desde mar\u00e7o de 2023, a tarifa para carros de passeio foi inicialmente estabelecida em R$ 4,10. Ao longo dos meses, o valor sofreu reajustes e atualmente, durante a semana, \u00e9 de R$ 4,70. Nos fins de semana, a tarifa aumenta para R$ 7,90, come\u00e7ando na sexta-feira \u00e0 noite e terminando na segunda-feira pela manh\u00e3. O governo tamb\u00e9m considera a implementa\u00e7\u00e3o de uma nova forma de tarifa\u00e7\u00e3o, onde o montante pago seja proporcional aos quil\u00f4metros percorridos.<\/p>\n\n\n\n<p>Esta mudan\u00e7a prop\u00f5e dividir a estrada em v\u00e1rios trechos, cada qual cobrado separadamente, em oposi\u00e7\u00e3o ao modelo atual, que cobra uma tarifa \u00fanica para o uso de toda a via. Assim, se um motorista viajar por 10 km e houver outro p\u00f3rtico ap\u00f3s essa dist\u00e2ncia, a cobran\u00e7a ser\u00e1 diferenciada e espec\u00edfica para o trecho adicional.<\/p>\n\n\n\n<h2 class=\"wp-block-heading\">Pr\u00f3ximos Passos e Discuss\u00f5es<\/h2>\n\n\n\n<p>A proposta introduzida pelo Ministro Renan Filho ser\u00e1 submetida ao Conselho Nacional de Tr\u00e2nsito (Contran) para avalia\u00e7\u00e3o e delibera\u00e7\u00e3o. Os resultados desta reuni\u00e3o poder\u00e3o definir o futuro dos sistemas de ped\u00e1gio no Brasil, potencialmente influenciando o modo como motoristas pagam por suas viagens nas rodovias.<\/p>\n\n\n\n<p>O desenvolvimento e a implementa\u00e7\u00e3o deste modelo no pa\u00eds prometem uma nova era para a infraestrutura rodovi\u00e1ria, com melhorias no tr\u00e2nsito e benef\u00edcios ecol\u00f3gicos, confirmando a tend\u00eancia global de moderniza\u00e7\u00e3o dos sistemas de cobran\u00e7a em estradas.<\/p>\n\n\n\n<p><strong><em>Fonte: Terra Brasil Not\u00edcias<\/em><\/strong><\/p>\n","protected":false},"excerpt":{"rendered":"<p>Os ped\u00e1gios do tipo \u201cfree flow\u201d, ou seja, sem cancela, come\u00e7aram a ser implementados no Brasil no \u00faltimo ano, especialmente<\/p>\n","protected":false},"author":1,"featured_media":7761,"comment_status":"open","ping_status":"open","sticky":false,"template":"","format":"standard","meta":{"footnotes":""},"categories":[2],"tags":[],"class_list":["post-7760","post","type-post","status-publish","format-standard","has-post-thumbnail","hentry","category-noticias"],"_links":{"self":[{"href":"https:\/\/jornaloalvorada.com.br\/site\/wp-json\/wp\/v2\/posts\/7760","targetHints":{"allow":["GET"]}}],"collection":[{"href":"https:\/\/jornaloalvorada.com.br\/site\/wp-json\/wp\/v2\/posts"}],"about":[{"href":"https:\/\/jornaloalvorada.com.br\/site\/wp-json\/wp\/v2\/types\/post"}],"author":[{"embeddable":true,"href":"https:\/\/jornaloalvorada.com.br\/site\/wp-json\/wp\/v2\/users\/1"}],"replies":[{"embeddable":true,"href":"https:\/\/jornaloalvorada.com.br\/site\/wp-json\/wp\/v2\/comments?post=7760"}],"version-history":[{"count":1,"href":"https:\/\/jornaloalvorada.com.br\/site\/wp-json\/wp\/v2\/posts\/7760\/revisions"}],"predecessor-version":[{"id":7762,"href":"https:\/\/jornaloalvorada.com.br\/site\/wp-json\/wp\/v2\/posts\/7760\/revisions\/7762"}],"wp:featuredmedia":[{"embeddable":true,"href":"https:\/\/jornaloalvorada.com.br\/site\/wp-json\/wp\/v2\/media\/7761"}],"wp:attachment":[{"href":"https:\/\/jornaloalvorada.com.br\/site\/wp-json\/wp\/v2\/media?parent=7760"}],"wp:term":[{"taxonomy":"category","embeddable":true,"href":"https:\/\/jornaloalvorada.com.br\/site\/wp-json\/wp\/v2\/categories?post=7760"},{"taxonomy":"post_tag","embeddable":true,"href":"https:\/\/jornaloalvorada.com.br\/site\/wp-json\/wp\/v2\/tags?post=7760"}],"curies":[{"name":"wp","href":"https:\/\/api.w.org\/{rel}","templated":true}]}}