{"id":7751,"date":"2024-10-16T08:25:01","date_gmt":"2024-10-16T12:25:01","guid":{"rendered":"https:\/\/jornaloalvorada.com.br\/site\/?p=7751"},"modified":"2024-10-16T08:25:03","modified_gmt":"2024-10-16T12:25:03","slug":"clientes-de-bancos-tem-ate-esta-quarta-para-sacar-valores-esquecidos","status":"publish","type":"post","link":"https:\/\/jornaloalvorada.com.br\/site\/2024\/10\/16\/clientes-de-bancos-tem-ate-esta-quarta-para-sacar-valores-esquecidos\/","title":{"rendered":"Clientes de bancos t\u00eam at\u00e9 esta quarta para sacar valores esquecidos"},"content":{"rendered":"\n<p>Cerca de 42 milh\u00f5es de pessoas f\u00edsicas e 3,6 milh\u00f5es de pessoas jur\u00eddicas t\u00eam at\u00e9 esta quarta-feira (16) para sacar recursos esquecidos no sistema financeiro. Segundo os dados mais recentes do Sistema de Valores a Receber (SVR) do Banco Central, referentes a agosto, ainda n\u00e3o foram sacados R$ 8,59 bilh\u00f5es \u2013 R$ 6,62 bilh\u00f5es por pessoas f\u00edsicas a R$ 1,97 bilh\u00e3o por empresas.<img decoding=\"async\" src=\"https:\/\/agenciabrasil.ebc.com.br\/ebc.png?id=1615604&amp;o=node\"><img decoding=\"async\" src=\"https:\/\/agenciabrasil.ebc.com.br\/ebc.gif?id=1615604&amp;o=node\"><\/p>\n\n\n\n<p>Na quinta-feira (17), os recursos n\u00e3o sacados ser\u00e3o transferidos para a conta \u00fanica do Tesouro Nacional, para atender \u00e0 lei que compensa a prorroga\u00e7\u00e3o da <a href=\"https:\/\/agenciabrasil.ebc.com.br\/economia\/noticia\/2024-09\/camara-aprova-texto-base-que-estende-desoneracao-da-folha-de-pagamento\" target=\"_blank\" rel=\"noreferrer noopener\">desonera\u00e7\u00e3o da folha de pagamento<\/a> de 17 setores da economia e de 156 munic\u00edpios, aprovada em setembro pelo Congresso. Os R$ 8,56 bilh\u00f5es compor\u00e3o os R$ 55 bilh\u00f5es que entrar\u00e3o no caixa do governo para custear a extens\u00e3o do benef\u00edcio.<\/p>\n\n\n\n<p>A Secretaria de Comunica\u00e7\u00e3o Social da Presid\u00eancia da Rep\u00fablica (Secom) destacou que a previs\u00e3o para incorpora\u00e7\u00e3o desses recursos pelo Tesouro Nacional est\u00e1 prevista em legisla\u00e7\u00e3o h\u00e1 mais de 70 anos, por meio da <a href=\"https:\/\/www.planalto.gov.br\/ccivil_03\/leis\/1950-1969\/l2313.htm\" target=\"_blank\" rel=\"noreferrer noopener\">Lei 2.313 de 1954<\/a>. O texto esclarece que, diferentemente de um confisco tradicional, os cidad\u00e3os poder\u00e3o reclamar os valores esquecidos.<\/p>\n\n\n\n<p>O Minist\u00e9rio da Fazenda, informou a Secom, publicar\u00e1 edital no <em>Di\u00e1rio Oficial da Uni\u00e3o<\/em> com informa\u00e7\u00f5es sobre os valores a receber. O recolhimento poder\u00e1 ser contestado pelos que tiverem direito.<\/p>\n\n\n\n<h2 class=\"wp-block-heading\">Como sacar<\/h2>\n\n\n\n<p>O \u00fanico <em>site<\/em> onde \u00e9 poss\u00edvel fazer a consulta \u00e9 o <em>site<\/em> oficial do <a href=\"https:\/\/valoresareceber.bcb.gov.br\/\" target=\"_blank\" rel=\"noreferrer noopener\">Sistema de Valores a Receber<\/a>. Ao abrir a p\u00e1gina, o usu\u00e1rio deve clicar em \u201cConsulte valores a receber\u201d, preencher os campos com os dados, clicar em \u201cConsultar\u201d e conferir a exist\u00eancia de valores esquecidos.<\/p>\n\n\n\n<p>Caso haja dinheiro a receber, o usu\u00e1rio deve clicar no bot\u00e3o \u201cAcessar o SVR\u201d. Essa segunda etapa, no entanto, requer conta n\u00edvel prata ou ouro no Portal Gov.br. Ap\u00f3s abrir a nova p\u00e1gina, o SVR informar\u00e1 uma data para consultar os valores e os dados para a transfer\u00eancia. Na maioria dos casos, o usu\u00e1rio pode agendar um Pix. Em outros, ser\u00e1 necess\u00e1rio entrar em contato com as institui\u00e7\u00f5es financeiras nos canais informados pela p\u00e1gina do Banco Central.<\/p>\n\n\n\n<p>Na data informada pelo sistema, o usu\u00e1rio dever\u00e1 acessar novamente o <em>site<\/em> do SVR, com o login Gov.br. Somente ent\u00e3o, ser\u00e1 poss\u00edvel pedir a transfer\u00eancia dos valores. Quem perder a data do agendamento ter\u00e1 de entrar novamente na p\u00e1gina e pedir nova data para o retorno.<\/p>\n\n\n\n<p>A consulta est\u00e1 aberta a pessoas falecidas e empresas fechadas. O acesso \u00e9 poss\u00edvel a herdeiro, testament\u00e1rio, inventariante ou representante legal. Assim como nas consultas a pessoas vivas, o sistema informa a institui\u00e7\u00e3o respons\u00e1vel pelo valor e a faixa de valor. Tamb\u00e9m h\u00e1 mais transpar\u00eancia para quem tem conta conjunta. Se um dos titulares pedir o resgate de um valor esquecido, o outro, ao entrar no sistema, conseguir\u00e1 ver as informa\u00e7\u00f5es: como valor, data e CPF de quem fez o pedido.<\/p>\n\n\n\n<p><strong><em>Fonte: Ag\u00eancia Brasil<\/em><\/strong><\/p>\n","protected":false},"excerpt":{"rendered":"<p>Cerca de 42 milh\u00f5es de pessoas f\u00edsicas e 3,6 milh\u00f5es de pessoas jur\u00eddicas t\u00eam at\u00e9 esta quarta-feira (16) para sacar<\/p>\n","protected":false},"author":1,"featured_media":4535,"comment_status":"open","ping_status":"open","sticky":false,"template":"","format":"standard","meta":{"footnotes":""},"categories":[2],"tags":[],"class_list":["post-7751","post","type-post","status-publish","format-standard","has-post-thumbnail","hentry","category-noticias"],"_links":{"self":[{"href":"https:\/\/jornaloalvorada.com.br\/site\/wp-json\/wp\/v2\/posts\/7751","targetHints":{"allow":["GET"]}}],"collection":[{"href":"https:\/\/jornaloalvorada.com.br\/site\/wp-json\/wp\/v2\/posts"}],"about":[{"href":"https:\/\/jornaloalvorada.com.br\/site\/wp-json\/wp\/v2\/types\/post"}],"author":[{"embeddable":true,"href":"https:\/\/jornaloalvorada.com.br\/site\/wp-json\/wp\/v2\/users\/1"}],"replies":[{"embeddable":true,"href":"https:\/\/jornaloalvorada.com.br\/site\/wp-json\/wp\/v2\/comments?post=7751"}],"version-history":[{"count":1,"href":"https:\/\/jornaloalvorada.com.br\/site\/wp-json\/wp\/v2\/posts\/7751\/revisions"}],"predecessor-version":[{"id":7752,"href":"https:\/\/jornaloalvorada.com.br\/site\/wp-json\/wp\/v2\/posts\/7751\/revisions\/7752"}],"wp:featuredmedia":[{"embeddable":true,"href":"https:\/\/jornaloalvorada.com.br\/site\/wp-json\/wp\/v2\/media\/4535"}],"wp:attachment":[{"href":"https:\/\/jornaloalvorada.com.br\/site\/wp-json\/wp\/v2\/media?parent=7751"}],"wp:term":[{"taxonomy":"category","embeddable":true,"href":"https:\/\/jornaloalvorada.com.br\/site\/wp-json\/wp\/v2\/categories?post=7751"},{"taxonomy":"post_tag","embeddable":true,"href":"https:\/\/jornaloalvorada.com.br\/site\/wp-json\/wp\/v2\/tags?post=7751"}],"curies":[{"name":"wp","href":"https:\/\/api.w.org\/{rel}","templated":true}]}}