{"id":7741,"date":"2024-10-15T14:26:31","date_gmt":"2024-10-15T18:26:31","guid":{"rendered":"https:\/\/jornaloalvorada.com.br\/site\/?p=7741"},"modified":"2024-10-15T14:26:34","modified_gmt":"2024-10-15T18:26:34","slug":"novo-sistema-de-multas-prf-usa-drones-para-monitoramento-de-rodovias","status":"publish","type":"post","link":"https:\/\/jornaloalvorada.com.br\/site\/2024\/10\/15\/novo-sistema-de-multas-prf-usa-drones-para-monitoramento-de-rodovias\/","title":{"rendered":"Novo sistema de multas: PRF usa drones para monitoramento de rodovias"},"content":{"rendered":"\n<p>A introdu\u00e7\u00e3o de drones pela Pol\u00edcia Rodovi\u00e1ria Federal (PRF) marca um avan\u00e7o significativo na fiscaliza\u00e7\u00e3o de tr\u00e2nsito no <a href=\"https:\/\/terrabrasilnoticias.com\/2024\/10\/auxilio-gas-um-beneficio-crucial-para-familias-brasileiras\/\" target=\"_blank\" rel=\"noreferrer noopener\">Brasil<\/a>. Implementada em agosto de 2023, essa tecnologia \u00e9 utilizada em \u00e1reas cr\u00edticas para o tr\u00e2nsito rodovi\u00e1rio, como Minas Gerais e Santa Catarina. O principal objetivo \u00e9 aumentar a seguran\u00e7a e efici\u00eancia na identifica\u00e7\u00e3o de infra\u00e7\u00f5es ao longo das rodovias brasileiras.<\/p>\n\n\n\n<p>Os drones est\u00e3o em opera\u00e7\u00e3o nas rodovias BR-262, no Tri\u00e2ngulo Mineiro, e nas BR-282 e BR-101 em Santa Catarina. Estas s\u00e3o regi\u00f5es estrat\u00e9gicas onde a fiscaliza\u00e7\u00e3o pode reduzir significativamente o n\u00famero de acidentes e infra\u00e7\u00f5es. A tecnologia dos drones permite capturar infra\u00e7\u00f5es como o uso indevido de celulares e a circula\u00e7\u00e3o inadequada de ve\u00edculos pesados, com maior precis\u00e3o e agilidade.<\/p>\n\n\n\n<h2 class=\"wp-block-heading\">Potencial Tecnol\u00f3gico dos Drones<\/h2>\n\n\n\n<figure class=\"wp-block-image\"><img decoding=\"async\" src=\"https:\/\/terrabrasilnoticias.com\/wp-content\/uploads\/2024\/10\/image-170-1024x636.png\" alt=\"\"\/><figcaption class=\"wp-element-caption\">Reprodu\u00e7\u00e3o\/PRF<\/figcaption><\/figure>\n\n\n\n<p>Equipados com c\u00e2meras de alta resolu\u00e7\u00e3o, os drones da PRF oferecem um zoom de at\u00e9 sete vezes, essencial para a detec\u00e7\u00e3o minuciosa de infra\u00e7\u00f5es. Operando entre 10 e 20 metros do solo, eles s\u00e3o capazes de registrar detalhes que um monitoramento convencional deixaria passar. Conforme Leandro Andrade, chefe da Delegacia PRF em S\u00e3o Jos\u00e9 (SC), os drones funcionam como um \u201cbin\u00f3culo moderno\u201d, aumentando a capacidade de fiscaliza\u00e7\u00e3o visual das equipes.<\/p>\n\n\n\n<h2 class=\"wp-block-heading\">Opera\u00e7\u00e3o Coordenada e Documenta\u00e7\u00e3o de Infra\u00e7\u00f5es<\/h2>\n\n\n\n<p>Cada drone \u00e9 operado por equipes especializadas compostas por tr\u00eas agentes: um operador de drone, um observador do ambiente e um terceiro respons\u00e1vel pela seguran\u00e7a da opera\u00e7\u00e3o. Ap\u00f3s a captura de uma infra\u00e7\u00e3o, os registros em v\u00eddeo s\u00e3o analisados para a emiss\u00e3o de autua\u00e7\u00f5es. Esse m\u00e9todo garante que a seguran\u00e7a nas rodovias seja priorizada, evitando interven\u00e7\u00f5es que poderiam comprometer o fluxo do tr\u00e2nsito.<\/p>\n\n\n\n<p>A implementa\u00e7\u00e3o dos drones visa n\u00e3o apenas aumentar a efic\u00e1cia da fiscaliza\u00e7\u00e3o, mas tamb\u00e9m atuar como elemento dissuas\u00f3rio contra pr\u00e1ticas perigosas ao volante. O conhecimento de que as rodovias s\u00e3o monitoradas de cima pode incentivar o cumprimento das normas de tr\u00e2nsito por parte dos motoristas. Ademais, ao reduzir a necessidade de paradas para verifica\u00e7\u00e3o manual, os agentes da PRF podem direcionar seus esfor\u00e7os para outras atividades cr\u00edticas de seguran\u00e7a e fiscaliza\u00e7\u00e3o.<\/p>\n\n\n\n<p><strong><em>Fonte: Terra Brasil Not\u00edcias<\/em><\/strong><\/p>\n","protected":false},"excerpt":{"rendered":"<p>A introdu\u00e7\u00e3o de drones pela Pol\u00edcia Rodovi\u00e1ria Federal (PRF) marca um avan\u00e7o significativo na fiscaliza\u00e7\u00e3o de tr\u00e2nsito no Brasil. Implementada<\/p>\n","protected":false},"author":1,"featured_media":7742,"comment_status":"open","ping_status":"open","sticky":false,"template":"","format":"standard","meta":{"footnotes":""},"categories":[2],"tags":[],"class_list":["post-7741","post","type-post","status-publish","format-standard","has-post-thumbnail","hentry","category-noticias"],"_links":{"self":[{"href":"https:\/\/jornaloalvorada.com.br\/site\/wp-json\/wp\/v2\/posts\/7741","targetHints":{"allow":["GET"]}}],"collection":[{"href":"https:\/\/jornaloalvorada.com.br\/site\/wp-json\/wp\/v2\/posts"}],"about":[{"href":"https:\/\/jornaloalvorada.com.br\/site\/wp-json\/wp\/v2\/types\/post"}],"author":[{"embeddable":true,"href":"https:\/\/jornaloalvorada.com.br\/site\/wp-json\/wp\/v2\/users\/1"}],"replies":[{"embeddable":true,"href":"https:\/\/jornaloalvorada.com.br\/site\/wp-json\/wp\/v2\/comments?post=7741"}],"version-history":[{"count":1,"href":"https:\/\/jornaloalvorada.com.br\/site\/wp-json\/wp\/v2\/posts\/7741\/revisions"}],"predecessor-version":[{"id":7743,"href":"https:\/\/jornaloalvorada.com.br\/site\/wp-json\/wp\/v2\/posts\/7741\/revisions\/7743"}],"wp:featuredmedia":[{"embeddable":true,"href":"https:\/\/jornaloalvorada.com.br\/site\/wp-json\/wp\/v2\/media\/7742"}],"wp:attachment":[{"href":"https:\/\/jornaloalvorada.com.br\/site\/wp-json\/wp\/v2\/media?parent=7741"}],"wp:term":[{"taxonomy":"category","embeddable":true,"href":"https:\/\/jornaloalvorada.com.br\/site\/wp-json\/wp\/v2\/categories?post=7741"},{"taxonomy":"post_tag","embeddable":true,"href":"https:\/\/jornaloalvorada.com.br\/site\/wp-json\/wp\/v2\/tags?post=7741"}],"curies":[{"name":"wp","href":"https:\/\/api.w.org\/{rel}","templated":true}]}}