{"id":7732,"date":"2024-10-15T14:16:53","date_gmt":"2024-10-15T18:16:53","guid":{"rendered":"https:\/\/jornaloalvorada.com.br\/site\/?p=7732"},"modified":"2024-10-15T14:16:55","modified_gmt":"2024-10-15T18:16:55","slug":"operacao-conjunta-entre-a-policia-civil-e-a-policia-militar-resultou-na-recuperacao-de-uma-moto-furtada","status":"publish","type":"post","link":"https:\/\/jornaloalvorada.com.br\/site\/2024\/10\/15\/operacao-conjunta-entre-a-policia-civil-e-a-policia-militar-resultou-na-recuperacao-de-uma-moto-furtada\/","title":{"rendered":"Opera\u00e7\u00e3o conjunta entre a Pol\u00edcia Civil e a Pol\u00edcia Militar resultou na recupera\u00e7\u00e3o de uma moto furtada"},"content":{"rendered":"\n<p>Uma opera\u00e7\u00e3o conjunta entre a Pol\u00edcia Civil e a Pol\u00edcia Militar resultou na recupera\u00e7\u00e3o de uma moto furtada em tempo recorde. A a\u00e7\u00e3o r\u00e1pida das for\u00e7as de seguran\u00e7a demonstrou efici\u00eancia e integra\u00e7\u00e3o no combate ao crime, garantindo a devolu\u00e7\u00e3o do ve\u00edculo ao propriet\u00e1rio. Esses esfor\u00e7os colaborativos s\u00e3o essenciais para manter a seguran\u00e7a da comunidade e fortalecer a confian\u00e7a da popula\u00e7\u00e3o nas autoridades policiais.<\/p>\n","protected":false},"excerpt":{"rendered":"<p>Uma opera\u00e7\u00e3o conjunta entre a Pol\u00edcia Civil e a Pol\u00edcia Militar resultou na recupera\u00e7\u00e3o de uma moto furtada em tempo<\/p>\n","protected":false},"author":1,"featured_media":7733,"comment_status":"open","ping_status":"open","sticky":false,"template":"","format":"standard","meta":{"footnotes":""},"categories":[2],"tags":[],"class_list":["post-7732","post","type-post","status-publish","format-standard","has-post-thumbnail","hentry","category-noticias"],"_links":{"self":[{"href":"https:\/\/jornaloalvorada.com.br\/site\/wp-json\/wp\/v2\/posts\/7732","targetHints":{"allow":["GET"]}}],"collection":[{"href":"https:\/\/jornaloalvorada.com.br\/site\/wp-json\/wp\/v2\/posts"}],"about":[{"href":"https:\/\/jornaloalvorada.com.br\/site\/wp-json\/wp\/v2\/types\/post"}],"author":[{"embeddable":true,"href":"https:\/\/jornaloalvorada.com.br\/site\/wp-json\/wp\/v2\/users\/1"}],"replies":[{"embeddable":true,"href":"https:\/\/jornaloalvorada.com.br\/site\/wp-json\/wp\/v2\/comments?post=7732"}],"version-history":[{"count":1,"href":"https:\/\/jornaloalvorada.com.br\/site\/wp-json\/wp\/v2\/posts\/7732\/revisions"}],"predecessor-version":[{"id":7734,"href":"https:\/\/jornaloalvorada.com.br\/site\/wp-json\/wp\/v2\/posts\/7732\/revisions\/7734"}],"wp:featuredmedia":[{"embeddable":true,"href":"https:\/\/jornaloalvorada.com.br\/site\/wp-json\/wp\/v2\/media\/7733"}],"wp:attachment":[{"href":"https:\/\/jornaloalvorada.com.br\/site\/wp-json\/wp\/v2\/media?parent=7732"}],"wp:term":[{"taxonomy":"category","embeddable":true,"href":"https:\/\/jornaloalvorada.com.br\/site\/wp-json\/wp\/v2\/categories?post=7732"},{"taxonomy":"post_tag","embeddable":true,"href":"https:\/\/jornaloalvorada.com.br\/site\/wp-json\/wp\/v2\/tags?post=7732"}],"curies":[{"name":"wp","href":"https:\/\/api.w.org\/{rel}","templated":true}]}}