{"id":7704,"date":"2024-10-14T08:39:53","date_gmt":"2024-10-14T12:39:53","guid":{"rendered":"https:\/\/jornaloalvorada.com.br\/site\/?p=7704"},"modified":"2024-10-14T08:39:54","modified_gmt":"2024-10-14T12:39:54","slug":"brasil-tem-994-focos-de-incendio-quase-metade-na-amazonia","status":"publish","type":"post","link":"https:\/\/jornaloalvorada.com.br\/site\/2024\/10\/14\/brasil-tem-994-focos-de-incendio-quase-metade-na-amazonia\/","title":{"rendered":"Brasil tem 994 focos de inc\u00eandio, quase metade na Amaz\u00f4nia"},"content":{"rendered":"\n<p>O Brasilregistrava 994 focos de inc\u00eandio no domingo (13.out.2024). Os dados s\u00e3o do sistema <a href=\"https:\/\/terrabrasilis.dpi.inpe.br\/queimadas\/bdqueimadas\/#graficos\" target=\"_blank\" rel=\"noreferrer noopener\">&nbsp;BDQueimadas<\/a> do<a href=\"https:\/\/www.gov.br\/inpe\/pt-br\" target=\"_blank\" rel=\"noreferrer noopener\"> Inpe<\/a> (Instituto Nacional de Pesquisas Espaciais), divulgados nesta 2\u00aa feira (14.out). A Amaz\u00f4nia concentra a maior parcela das ocorr\u00eancias, com 458 \u2013ou 46,1%.<\/p>\n\n\n\n<p>Par\u00e1 \u00e9 o Estado com o maior n\u00famero de queimadas, com 327 focos registrados em 24h. \u00c9 seguido por Tocantins (151) e Mato Grosso (132).<\/p>\n\n\n\n<figure class=\"wp-block-image\"><img decoding=\"async\" src=\"https:\/\/static.poder360.com.br\/2024\/10\/queimadas-brasil-14-out-2024-01.png\" alt=\"\"\/><\/figure>\n\n\n\n<p>Os 6 biomas brasileiros registraram a incid\u00eancia de fogo. O Cerrado teve o 2\u00ba maior n\u00famero, com 387 focos \u201338,9% do total.<\/p>\n\n\n\n<figure class=\"wp-block-image\"><img decoding=\"async\" src=\"https:\/\/static.poder360.com.br\/2024\/10\/queimadas-brasil-14-out-2024-02.png\" alt=\"\"\/><\/figure>\n\n\n\n<p>O Brasil encerrou o m\u00eas de agosto de 2024 com o <a href=\"https:\/\/www.poder360.com.br\/meio-ambiente\/brasil-tem-agosto-com-maior-numero-de-queimadas-desde-2010\/\" target=\"_blank\" rel=\"noreferrer noopener\">pior n\u00famero de queimadas em 14 anos<\/a>. Foram 68.635 ocorr\u00eancias \u2013o 5\u00ba maior da s\u00e9rie hist\u00f3rica, iniciada em 1998. Foi uma alta de 144% em rela\u00e7\u00e3o ao mesmo per\u00edodo de 2023.<\/p>\n\n\n\n<p>Setembro teve <a href=\"https:\/\/www.poder360.com.br\/poder-sustentavel\/brasil-encerra-setembro-com-83-157-focos-de-incendio\/\" target=\"_blank\" rel=\"noreferrer noopener\">83.157 focos de inc\u00eandio<\/a> \u2013o pior m\u00eas do ano em n\u00famero de queimadas at\u00e9 o momento. O m\u00eas passado foi o setembro com <a href=\"https:\/\/www.poder360.com.br\/poder-sustentavel\/brasil-tem-setembro-com-maior-numero-de-queimadas-desde-2010\/\" target=\"_blank\" rel=\"noreferrer noopener\">maior n\u00famero de queimadas<\/a> desde 2010, quando foram contabilizados 109.030 focos de inc\u00eandio.<\/p>\n\n\n\n<p>Em rela\u00e7\u00e3o ao \u00faltimo ano, que registrou 46.498 pontos de fogo em setembro, o aumento foi de 78,74%. Tradicionalmente, este \u00e9 o m\u00eas em que costuma ser registrado o pico de queimadas no Brasil, que segue at\u00e9 outubro.<\/p>\n\n\n\n<p>O pa\u00eds acumula, em outubro, 16.438 focos de inc\u00eandio. Em 2024, j\u00e1 s\u00e3o 226.646 ocorr\u00eancias do tipo.<\/p>\n\n\n\n<figure class=\"wp-block-image\"><img decoding=\"async\" src=\"https:\/\/static.poder360.com.br\/2024\/10\/queimadas-brasil-14-out-2024-03.png\" alt=\"\"\/><\/figure>\n\n\n\n<figure class=\"wp-block-image\"><img decoding=\"async\" src=\"https:\/\/static.poder360.com.br\/2024\/10\/queimadas-brasil-14-out-2024-04.png\" alt=\"\"\/><\/figure>\n\n\n\n<p>O pa\u00eds vive, al\u00e9m da alta dos focos de inc\u00eandio, uma <a href=\"https:\/\/www.poder360.com.br\/poder-sustentavel\/brasil-enfrenta-pior-seca-em-75-anos-diz-icmbio\/\" target=\"_blank\" rel=\"noreferrer noopener\">seca hist\u00f3rica<\/a>, com a pior estiagem em 75 anos, segundo o <a href=\"https:\/\/www.gov.br\/icmbio\/pt-br\" target=\"_blank\" rel=\"noreferrer noopener\">ICMBio<\/a> (Instituto Chico Mendes da Conserva\u00e7\u00e3o e Biodiversidade).<\/p>\n\n\n\n<p><strong>Entenda as causas:<\/strong><\/p>\n\n\n\n<p>A seca e a estiagem que afetam grande parte dos munic\u00edpios s\u00e3o comuns no inverno brasileiro. A temporada teve in\u00edcio em junho e segue at\u00e9 o final de setembro. No entanto, a intensidade em que ocorrem na esta\u00e7\u00e3o, este ano, \u00e9 at\u00edpica. S\u00e3o 2 os fatores que mais impactam no cen\u00e1rio:<\/p>\n\n\n\n<ul class=\"wp-block-list\">\n<li><strong>fortes ondas de calor<\/strong> \u2013 foram 6 desde o in\u00edcio da temporada, segundo o<a href=\"https:\/\/www.gov.br\/cemaden\/pt-br\" target=\"_blank\" rel=\"noreferrer noopener\"> Cemaden<\/a> (Centro Nacional de Monitoramento e Alertas de Desastres Naturais). Por outro lado, as ondas de frio foram somente 4;<\/li>\n\n\n\n<li><strong>antecipa\u00e7\u00e3o da seca<\/strong> \u2013 em algumas regi\u00f5es do Brasil, o per\u00edodo de seca come\u00e7ou antes do inverno. Na amaz\u00f4nica, por exemplo, a estiagem se intensificou quase 1 m\u00eas antes do previsto, j\u00e1 no in\u00edcio de junho.<\/li>\n<\/ul>\n\n\n\n<p>Na regi\u00e3o da Amaz\u00f4nia, al\u00e9m dos focos de inc\u00eandio, a seca toma formas preocupantes. Os munic\u00edpios amaz\u00f4nicos enfrentam cerca de 1 ano de estiagem. \u00c9 a seca mais longa j\u00e1 registrada. S\u00e3o 3 as principais causas:<\/p>\n\n\n\n<ul class=\"wp-block-list\">\n<li><strong>intensidade do El Ni\u00f1o<\/strong> \u2013 o regime de chuvas foi impactado pelo fen\u00f4meno que aquece as \u00e1guas do Oceano Pac\u00edfico. Ele teve o pico no in\u00edcio deste ano e influenciou o come\u00e7o da seca;<\/li>\n\n\n\n<li><strong>aquecimento anormal das \u00e1guas do Atl\u00e2ntico Tropical Norte<\/strong> \u2013 a temperatura na regi\u00e3o mar\u00edtima, que fica acima da Am\u00e9rica do Sul, chegou a aumentar de 1,2 \u00b0C a 1,4 \u00b0C em 2023 e 2024;<\/li>\n\n\n\n<li><strong>temperaturas globais recordes<\/strong> \u2013 em julho, o mundo bateu o recorde de<a href=\"https:\/\/www.poder360.com.br\/meio-ambiente\/mundo-bate-recorde-de-dia-mais-quente-da-historia-em-24-horas\/#:~:text=Foi%20de%2017%2C08%20%C2%BAC,realiza%20as%20medi%C3%A7%C3%B5es%20desde%201940.&amp;text=O%20observat%C3%B3rio%20Corpenicus%20avalia%2C%20preliminarmente,em%20grandes%20partes%20da%20Ant%C3%A1rtida.\" target=\"_blank\" rel=\"noreferrer noopener\"> maior temperatura<\/a> j\u00e1 registrada na hist\u00f3ria. O cen\u00e1rio cria condi\u00e7\u00f5es para ondas de calor mais fortes.<\/li>\n<\/ul>\n\n\n\n<p><strong><em>Fonte: Poder360<\/em><\/strong><\/p>\n","protected":false},"excerpt":{"rendered":"<p>O Brasilregistrava 994 focos de inc\u00eandio no domingo (13.out.2024). Os dados s\u00e3o do sistema &nbsp;BDQueimadas do Inpe (Instituto Nacional de<\/p>\n","protected":false},"author":1,"featured_media":7705,"comment_status":"open","ping_status":"open","sticky":false,"template":"","format":"standard","meta":{"footnotes":""},"categories":[2],"tags":[],"class_list":["post-7704","post","type-post","status-publish","format-standard","has-post-thumbnail","hentry","category-noticias"],"_links":{"self":[{"href":"https:\/\/jornaloalvorada.com.br\/site\/wp-json\/wp\/v2\/posts\/7704","targetHints":{"allow":["GET"]}}],"collection":[{"href":"https:\/\/jornaloalvorada.com.br\/site\/wp-json\/wp\/v2\/posts"}],"about":[{"href":"https:\/\/jornaloalvorada.com.br\/site\/wp-json\/wp\/v2\/types\/post"}],"author":[{"embeddable":true,"href":"https:\/\/jornaloalvorada.com.br\/site\/wp-json\/wp\/v2\/users\/1"}],"replies":[{"embeddable":true,"href":"https:\/\/jornaloalvorada.com.br\/site\/wp-json\/wp\/v2\/comments?post=7704"}],"version-history":[{"count":1,"href":"https:\/\/jornaloalvorada.com.br\/site\/wp-json\/wp\/v2\/posts\/7704\/revisions"}],"predecessor-version":[{"id":7706,"href":"https:\/\/jornaloalvorada.com.br\/site\/wp-json\/wp\/v2\/posts\/7704\/revisions\/7706"}],"wp:featuredmedia":[{"embeddable":true,"href":"https:\/\/jornaloalvorada.com.br\/site\/wp-json\/wp\/v2\/media\/7705"}],"wp:attachment":[{"href":"https:\/\/jornaloalvorada.com.br\/site\/wp-json\/wp\/v2\/media?parent=7704"}],"wp:term":[{"taxonomy":"category","embeddable":true,"href":"https:\/\/jornaloalvorada.com.br\/site\/wp-json\/wp\/v2\/categories?post=7704"},{"taxonomy":"post_tag","embeddable":true,"href":"https:\/\/jornaloalvorada.com.br\/site\/wp-json\/wp\/v2\/tags?post=7704"}],"curies":[{"name":"wp","href":"https:\/\/api.w.org\/{rel}","templated":true}]}}