{"id":7701,"date":"2024-10-14T08:37:27","date_gmt":"2024-10-14T12:37:27","guid":{"rendered":"https:\/\/jornaloalvorada.com.br\/site\/?p=7701"},"modified":"2024-10-14T08:37:29","modified_gmt":"2024-10-14T12:37:29","slug":"brasil-tera-5-feriadoes-em-2025-saiba-quais-sao","status":"publish","type":"post","link":"https:\/\/jornaloalvorada.com.br\/site\/2024\/10\/14\/brasil-tera-5-feriadoes-em-2025-saiba-quais-sao\/","title":{"rendered":"Brasil ter\u00e1 5 \u201cferiad\u00f5es\u201d em 2025; saiba quais s\u00e3o"},"content":{"rendered":"\n<p>Em 2025, o Brasil ter\u00e1 10 feriados nacionais. Dentre esses, 5 cair\u00e3o em dias \u00fateis \u2013a maioria na 5\u00aa feira e na 6\u00aa feira\u2013 o que pode facilitar com que sejam \u201cemendados\u201d com o fim de semana.<\/p>\n\n\n\n<p>Neste ano, s\u00f3 4 feriados ca\u00edram pr\u00f3ximos de fins de semana. Apenas o da Paix\u00e3o de Cristo, em 29 de mar\u00e7o (6\u00aa feira) p\u00f4de ser emendado. A outra ocasi\u00e3o ser\u00e1 no dia da Proclama\u00e7\u00e3o da Rep\u00fablica, em 15 de novembro, que tamb\u00e9m cair\u00e1 na 6\u00aa feira.<\/p>\n\n\n\n<p>O ano de 2025 ter\u00e1 feriados nacionais ou pontos facultativos em 9 dos 12 meses (janeiro, mar\u00e7o, abril, maio, junho, setembro, outubro, novembro e dezembro).&nbsp;Os meses de fevereiro, julho e agosto n\u00e3o contam com feriados nacionais nem pontos facultativos.&nbsp;<\/p>\n\n\n\n<figure class=\"wp-block-image\"><img decoding=\"async\" src=\"https:\/\/static.poder360.com.br\/2024\/10\/feriados-nacionais-2025-12-out-2024-scaled.jpg\" alt=\"\"\/><\/figure>\n\n\n\n<p>Pontos facultativos \u2013como, por exemplo, o Carnaval\u2013 n\u00e3o s\u00e3o considerados feriados, e n\u00e3o implicam na obrigatoriedade de folga. A lista oficial com os feriados e pontos facultativos de 2025 ser\u00e1 publicado pelo governo no fim do ano.&nbsp;<\/p>\n\n\n\n<h2 class=\"wp-block-heading\">Feriados de 2025<\/h2>\n\n\n\n<p><strong>Janeiro<\/strong><\/p>\n\n\n\n<ul class=\"wp-block-list\">\n<li>1\u00ba de janeiro (4\u00aa feira): Confraterniza\u00e7\u00e3o Universal \u2013 feriado nacional.<\/li>\n<\/ul>\n\n\n\n<p><strong>Mar\u00e7o<\/strong><\/p>\n\n\n\n<ul class=\"wp-block-list\">\n<li>3 de mar\u00e7o (2\u00aa feira): Carnaval \u2013 ponto facultativo;<\/li>\n\n\n\n<li>4 de mar\u00e7o (3\u00aa feira): Carnaval \u2013 ponto facultativo;<\/li>\n\n\n\n<li>5 de mar\u00e7o (4\u00aa feira): Quarta-feira de Cinzas \u2013 ponto facultativo at\u00e9 as 14h.<\/li>\n<\/ul>\n\n\n\n<p><strong>Abril<\/strong><\/p>\n\n\n\n<ul class=\"wp-block-list\">\n<li>18 de abril (6\u00aa feira): Sexta-feira Santa \u2013 feriado nacional;<\/li>\n\n\n\n<li>21 de abril (2\u00aa feira): Tiradentes \u2013 feriado nacional.<\/li>\n<\/ul>\n\n\n\n<p><strong>Maio<\/strong><\/p>\n\n\n\n<ul class=\"wp-block-list\">\n<li>1\u00ba de maio (5\u00aa feira): Dia do Trabalho \u2013 feriado nacional.<\/li>\n<\/ul>\n\n\n\n<p><strong>Junho<\/strong><\/p>\n\n\n\n<ul class=\"wp-block-list\">\n<li>19 de junho (quinta-feira): Corpus Christi \u2013 ponto facultativo.<\/li>\n<\/ul>\n\n\n\n<p><strong>Setembro<\/strong><\/p>\n\n\n\n<ul class=\"wp-block-list\">\n<li>7 de setembro (domingo): Independ\u00eancia do Brasil \u2013 feriado nacional.<\/li>\n<\/ul>\n\n\n\n<p><strong>Outubro<\/strong><\/p>\n\n\n\n<ul class=\"wp-block-list\">\n<li>12 de outubro (domingo): Nossa Senhora Aparecida \u2013 feriado nacional.<\/li>\n<\/ul>\n\n\n\n<p><strong>Novembro<\/strong><\/p>\n\n\n\n<ul class=\"wp-block-list\">\n<li>2 de novembro (domingo): Finados \u2013 feriado nacional;<\/li>\n\n\n\n<li>15 de novembro (s\u00e1bado): Proclama\u00e7\u00e3o da Rep\u00fablica \u2013 feriado nacional;<\/li>\n\n\n\n<li>20 de novembro (5\u00aa feira): Dia de Zumbi e da Consci\u00eancia Negra \u2013 feriado nacional.<\/li>\n<\/ul>\n\n\n\n<p><strong>Dezembro<\/strong><\/p>\n\n\n\n<ul class=\"wp-block-list\">\n<li>24 de dezembro (4\u00aa feira): V\u00e9spera de Natal \u2013 ponto facultativo depois das 14h;<\/li>\n\n\n\n<li>25 de dezembro (5\u00aa feira): Natal \u2013 feriado nacional;<\/li>\n\n\n\n<li>31 de dezembro (4\u00aa feira): V\u00e9spera do Ano-Novo de 2026 \u2013 ponto facultativo depois das 14h.<\/li>\n<\/ul>\n\n\n\n<p><strong><em>Fonte: Poder360<\/em><\/strong><\/p>\n","protected":false},"excerpt":{"rendered":"<p>Em 2025, o Brasil ter\u00e1 10 feriados nacionais. Dentre esses, 5 cair\u00e3o em dias \u00fateis \u2013a maioria na 5\u00aa feira<\/p>\n","protected":false},"author":1,"featured_media":7702,"comment_status":"open","ping_status":"open","sticky":false,"template":"","format":"standard","meta":{"footnotes":""},"categories":[2],"tags":[],"class_list":["post-7701","post","type-post","status-publish","format-standard","has-post-thumbnail","hentry","category-noticias"],"_links":{"self":[{"href":"https:\/\/jornaloalvorada.com.br\/site\/wp-json\/wp\/v2\/posts\/7701","targetHints":{"allow":["GET"]}}],"collection":[{"href":"https:\/\/jornaloalvorada.com.br\/site\/wp-json\/wp\/v2\/posts"}],"about":[{"href":"https:\/\/jornaloalvorada.com.br\/site\/wp-json\/wp\/v2\/types\/post"}],"author":[{"embeddable":true,"href":"https:\/\/jornaloalvorada.com.br\/site\/wp-json\/wp\/v2\/users\/1"}],"replies":[{"embeddable":true,"href":"https:\/\/jornaloalvorada.com.br\/site\/wp-json\/wp\/v2\/comments?post=7701"}],"version-history":[{"count":1,"href":"https:\/\/jornaloalvorada.com.br\/site\/wp-json\/wp\/v2\/posts\/7701\/revisions"}],"predecessor-version":[{"id":7703,"href":"https:\/\/jornaloalvorada.com.br\/site\/wp-json\/wp\/v2\/posts\/7701\/revisions\/7703"}],"wp:featuredmedia":[{"embeddable":true,"href":"https:\/\/jornaloalvorada.com.br\/site\/wp-json\/wp\/v2\/media\/7702"}],"wp:attachment":[{"href":"https:\/\/jornaloalvorada.com.br\/site\/wp-json\/wp\/v2\/media?parent=7701"}],"wp:term":[{"taxonomy":"category","embeddable":true,"href":"https:\/\/jornaloalvorada.com.br\/site\/wp-json\/wp\/v2\/categories?post=7701"},{"taxonomy":"post_tag","embeddable":true,"href":"https:\/\/jornaloalvorada.com.br\/site\/wp-json\/wp\/v2\/tags?post=7701"}],"curies":[{"name":"wp","href":"https:\/\/api.w.org\/{rel}","templated":true}]}}