{"id":7660,"date":"2024-10-09T15:31:00","date_gmt":"2024-10-09T19:31:00","guid":{"rendered":"https:\/\/jornaloalvorada.com.br\/site\/?p=7660"},"modified":"2024-10-09T15:31:04","modified_gmt":"2024-10-09T19:31:04","slug":"correios-anunciam-concurso-para-3-511-vagas","status":"publish","type":"post","link":"https:\/\/jornaloalvorada.com.br\/site\/2024\/10\/09\/correios-anunciam-concurso-para-3-511-vagas\/","title":{"rendered":"Correios anunciam concurso para 3.511 vagas"},"content":{"rendered":"\n<p>Para suprir a demanda por mais profissionais e evitar sobrecarga de trabalho, os Correios anunciaram nesta quarta-feira&nbsp;(9) a realiza\u00e7\u00e3o de novos concursos p\u00fablicos. Ser\u00e3o oferecidas 3.511 vagas imediatas, com vencimentos de at\u00e9 R$ 6,8 mil. Segundo a dire\u00e7\u00e3o da empresa, a medida visa a enfrentar uma demanda acumulada por mais de uma d\u00e9cada sem contrata\u00e7\u00f5es em n\u00edvel nacional.<img decoding=\"async\" src=\"https:\/\/agenciabrasil.ebc.com.br\/ebc.png?id=1614935&amp;o=node\"><img decoding=\"async\" src=\"https:\/\/agenciabrasil.ebc.com.br\/ebc.gif?id=1614935&amp;o=node\"><\/p>\n\n\n\n<p>Conforme o edital, ser\u00e3o 3.099 vagas para n\u00edvel m\u00e9dio na&nbsp;fun\u00e7\u00e3o de agentes. Nesses casos, os sal\u00e1rios partem de 2.429,26. O&nbsp;concurso oferece&nbsp;mais 412 postos em n\u00edvel superior para o&nbsp;cargo de analista, com vencimentos iniciais&nbsp;de R$ 6.872,48.<\/p>\n\n\n\n<p>Entre os benef\u00edcios est\u00e3o vale alimenta\u00e7\u00e3o e refei\u00e7\u00e3o, vale-transporte, aux\u00edlio creche ou bab\u00e1 e a op\u00e7\u00e3o de&nbsp;contar com plano de sa\u00fade e previd\u00eancia complementar.<\/p>\n\n\n\n<p>No caso das vagas destinadas aos candidatos com forma\u00e7\u00e3o em n\u00edvel superior est\u00e3o oportunidades para advogados, analistas de sistemas, arquitetos, arquivistas, assistentes sociais e engenheiros. Pelo edital, 30% das vagas s\u00e3o para pessoas negras (pretas e pardas) e ind\u00edgenas. Outros 10% est\u00e3o reservadas para pessoas com defici\u00eancia.<\/p>\n\n\n\n<p>O per\u00edodo de inscri\u00e7\u00e3o come\u00e7a amanha (10) e segue at\u00e9 28 de outubro. As inscri\u00e7\u00f5es dever\u00e3o ser feitas&nbsp;pela internet, no&nbsp;<em>site<\/em>&nbsp;do <a href=\"https:\/\/www.ibfc.org.br\/menus\/home.html\" target=\"_blank\" rel=\"noreferrer noopener\">Instituto Brasileiro de Forma\u00e7\u00e3o e Capacita\u00e7\u00e3o<\/a> (IBFC), institui\u00e7\u00e3o respons\u00e1vel pelo concurso.<\/p>\n\n\n\n<p>As taxas de inscri\u00e7\u00e3o est\u00e3o em R$ 39,80 para n\u00edvel m\u00e9dio e R$ 42 para superior. Doadores de medula \u00f3ssea em entidades cadastradas no Minist\u00e9rio da Sa\u00fade e os inscritos no Cad\u00danico t\u00eam direto \u00e0 isen\u00e7\u00e3o da taxa de inscri\u00e7\u00e3o.<\/p>\n\n\n\n<p>O concurso, de abrang\u00eancia nacional, poder\u00e1 ser feito em at\u00e9 306 localidades espalhados em todos os estados e o Distrito Federal, com as provas previstas para 15 de dezembro.<\/p>\n\n\n\n<p>O prazo de validade do concurso \u00e9 de um ano a partir da homologa\u00e7\u00e3o dos resultados finais, com a possibilidade de prorroga\u00e7\u00e3o de mais 12 meses.<\/p>\n\n\n\n<p><strong><em>Fonte: Ag\u00eancia Brasil<\/em><\/strong><\/p>\n","protected":false},"excerpt":{"rendered":"<p>Para suprir a demanda por mais profissionais e evitar sobrecarga de trabalho, os Correios anunciaram nesta quarta-feira&nbsp;(9) a realiza\u00e7\u00e3o de<\/p>\n","protected":false},"author":1,"featured_media":7661,"comment_status":"open","ping_status":"open","sticky":false,"template":"","format":"standard","meta":{"footnotes":""},"categories":[2],"tags":[],"class_list":["post-7660","post","type-post","status-publish","format-standard","has-post-thumbnail","hentry","category-noticias"],"_links":{"self":[{"href":"https:\/\/jornaloalvorada.com.br\/site\/wp-json\/wp\/v2\/posts\/7660","targetHints":{"allow":["GET"]}}],"collection":[{"href":"https:\/\/jornaloalvorada.com.br\/site\/wp-json\/wp\/v2\/posts"}],"about":[{"href":"https:\/\/jornaloalvorada.com.br\/site\/wp-json\/wp\/v2\/types\/post"}],"author":[{"embeddable":true,"href":"https:\/\/jornaloalvorada.com.br\/site\/wp-json\/wp\/v2\/users\/1"}],"replies":[{"embeddable":true,"href":"https:\/\/jornaloalvorada.com.br\/site\/wp-json\/wp\/v2\/comments?post=7660"}],"version-history":[{"count":1,"href":"https:\/\/jornaloalvorada.com.br\/site\/wp-json\/wp\/v2\/posts\/7660\/revisions"}],"predecessor-version":[{"id":7662,"href":"https:\/\/jornaloalvorada.com.br\/site\/wp-json\/wp\/v2\/posts\/7660\/revisions\/7662"}],"wp:featuredmedia":[{"embeddable":true,"href":"https:\/\/jornaloalvorada.com.br\/site\/wp-json\/wp\/v2\/media\/7661"}],"wp:attachment":[{"href":"https:\/\/jornaloalvorada.com.br\/site\/wp-json\/wp\/v2\/media?parent=7660"}],"wp:term":[{"taxonomy":"category","embeddable":true,"href":"https:\/\/jornaloalvorada.com.br\/site\/wp-json\/wp\/v2\/categories?post=7660"},{"taxonomy":"post_tag","embeddable":true,"href":"https:\/\/jornaloalvorada.com.br\/site\/wp-json\/wp\/v2\/tags?post=7660"}],"curies":[{"name":"wp","href":"https:\/\/api.w.org\/{rel}","templated":true}]}}