{"id":7655,"date":"2024-10-09T14:44:15","date_gmt":"2024-10-09T18:44:15","guid":{"rendered":"https:\/\/jornaloalvorada.com.br\/site\/?p=7655"},"modified":"2024-10-09T14:44:18","modified_gmt":"2024-10-09T18:44:18","slug":"dia-das-criancas-prefeitura-de-nova-alvorada-do-sul-realiza-evento-no-parque-nelson-terere","status":"publish","type":"post","link":"https:\/\/jornaloalvorada.com.br\/site\/2024\/10\/09\/dia-das-criancas-prefeitura-de-nova-alvorada-do-sul-realiza-evento-no-parque-nelson-terere\/","title":{"rendered":"Dia das Crian\u00e7as: Prefeitura de Nova Alvorada do Sul realiza evento no Parque Nelson Terer\u00e9"},"content":{"rendered":"\n<p>Neste s\u00e1bado, Dia das Crian\u00e7as, tem muita divers\u00e3o aguardando por voc\u00eas. A a\u00e7\u00e3o ter\u00e1 in\u00edcio \u00e0s 13h no Parque Nelson Terer\u00e9 e contar\u00e1 com diversos tipos de brinquedos e tamb\u00e9m distribui\u00e7\u00e3o de pipocas, cachorro-quente, al\u00e9m de apresenta\u00e7\u00f5es culturais.<\/p>\n\n\n\n<figure class=\"wp-block-image size-full\"><img loading=\"lazy\" decoding=\"async\" width=\"526\" height=\"701\" src=\"https:\/\/jornaloalvorada.com.br\/site\/wp-content\/uploads\/2024\/10\/dia-crianca.jpg\" alt=\"\" class=\"wp-image-7657\" srcset=\"https:\/\/jornaloalvorada.com.br\/site\/wp-content\/uploads\/2024\/10\/dia-crianca.jpg 526w, https:\/\/jornaloalvorada.com.br\/site\/wp-content\/uploads\/2024\/10\/dia-crianca-225x300.jpg 225w\" sizes=\"auto, (max-width: 526px) 100vw, 526px\" \/><\/figure>\n","protected":false},"excerpt":{"rendered":"<p>Neste s\u00e1bado, Dia das Crian\u00e7as, tem muita divers\u00e3o aguardando por voc\u00eas. A a\u00e7\u00e3o ter\u00e1 in\u00edcio \u00e0s 13h no Parque Nelson<\/p>\n","protected":false},"author":1,"featured_media":7656,"comment_status":"open","ping_status":"open","sticky":false,"template":"","format":"standard","meta":{"footnotes":""},"categories":[2],"tags":[],"class_list":["post-7655","post","type-post","status-publish","format-standard","has-post-thumbnail","hentry","category-noticias"],"_links":{"self":[{"href":"https:\/\/jornaloalvorada.com.br\/site\/wp-json\/wp\/v2\/posts\/7655","targetHints":{"allow":["GET"]}}],"collection":[{"href":"https:\/\/jornaloalvorada.com.br\/site\/wp-json\/wp\/v2\/posts"}],"about":[{"href":"https:\/\/jornaloalvorada.com.br\/site\/wp-json\/wp\/v2\/types\/post"}],"author":[{"embeddable":true,"href":"https:\/\/jornaloalvorada.com.br\/site\/wp-json\/wp\/v2\/users\/1"}],"replies":[{"embeddable":true,"href":"https:\/\/jornaloalvorada.com.br\/site\/wp-json\/wp\/v2\/comments?post=7655"}],"version-history":[{"count":1,"href":"https:\/\/jornaloalvorada.com.br\/site\/wp-json\/wp\/v2\/posts\/7655\/revisions"}],"predecessor-version":[{"id":7658,"href":"https:\/\/jornaloalvorada.com.br\/site\/wp-json\/wp\/v2\/posts\/7655\/revisions\/7658"}],"wp:featuredmedia":[{"embeddable":true,"href":"https:\/\/jornaloalvorada.com.br\/site\/wp-json\/wp\/v2\/media\/7656"}],"wp:attachment":[{"href":"https:\/\/jornaloalvorada.com.br\/site\/wp-json\/wp\/v2\/media?parent=7655"}],"wp:term":[{"taxonomy":"category","embeddable":true,"href":"https:\/\/jornaloalvorada.com.br\/site\/wp-json\/wp\/v2\/categories?post=7655"},{"taxonomy":"post_tag","embeddable":true,"href":"https:\/\/jornaloalvorada.com.br\/site\/wp-json\/wp\/v2\/tags?post=7655"}],"curies":[{"name":"wp","href":"https:\/\/api.w.org\/{rel}","templated":true}]}}