{"id":7652,"date":"2024-10-09T14:32:18","date_gmt":"2024-10-09T18:32:18","guid":{"rendered":"https:\/\/jornaloalvorada.com.br\/site\/?p=7652"},"modified":"2024-10-09T14:32:21","modified_gmt":"2024-10-09T18:32:21","slug":"jose-paulo-paleari-e-maite-paleari","status":"publish","type":"post","link":"https:\/\/jornaloalvorada.com.br\/site\/2024\/10\/09\/jose-paulo-paleari-e-maite-paleari\/","title":{"rendered":"Jos\u00e9 Paulo Paleari e Mait\u00ea Paleari"},"content":{"rendered":"\n<p>H\u00e1 algum tempo atr\u00e1s, conheci uma pessoa que mudaria minha vida\u2026 Essa pessoa \u00e9 voc\u00ea! Come\u00e7amos a namorar e a cada dia que passava, eu gostava mais do seu jeito de ser. Desde ent\u00e3o, datas como essa passaram a ter um significado maior, j\u00e1 s\u00e3o 16 anos juntos.<\/p>\n\n\n\n<p>O dia 12 de junho \u00e9, al\u00e9m do Dia dos Namorados, um momento para lembrar a import\u00e2ncia da sua presen\u00e7a na minha vida. Voc\u00ea conseguiu me conquistar de verdade, eu aprendi a te amar, respeitar e ouvir cada palavra sua com admira\u00e7\u00e3o.<\/p>\n\n\n\n<p>Obrigado por me ajudar a fazer as escolhas certas e apoiar as minhas decis\u00f5es de forma paciente. Que nosso relacionamento dure pela eternidade, assim como nosso amor. Amo e admiro muito voc\u00ea! Feliz Dia dos Namorados minha eterna namorada!<\/p>\n","protected":false},"excerpt":{"rendered":"<p>H\u00e1 algum tempo atr\u00e1s, conheci uma pessoa que mudaria minha vida\u2026 Essa pessoa \u00e9 voc\u00ea! Come\u00e7amos a namorar e a<\/p>\n","protected":false},"author":1,"featured_media":7653,"comment_status":"open","ping_status":"open","sticky":false,"template":"","format":"standard","meta":{"footnotes":""},"categories":[3],"tags":[],"class_list":["post-7652","post","type-post","status-publish","format-standard","has-post-thumbnail","hentry","category-social"],"_links":{"self":[{"href":"https:\/\/jornaloalvorada.com.br\/site\/wp-json\/wp\/v2\/posts\/7652","targetHints":{"allow":["GET"]}}],"collection":[{"href":"https:\/\/jornaloalvorada.com.br\/site\/wp-json\/wp\/v2\/posts"}],"about":[{"href":"https:\/\/jornaloalvorada.com.br\/site\/wp-json\/wp\/v2\/types\/post"}],"author":[{"embeddable":true,"href":"https:\/\/jornaloalvorada.com.br\/site\/wp-json\/wp\/v2\/users\/1"}],"replies":[{"embeddable":true,"href":"https:\/\/jornaloalvorada.com.br\/site\/wp-json\/wp\/v2\/comments?post=7652"}],"version-history":[{"count":1,"href":"https:\/\/jornaloalvorada.com.br\/site\/wp-json\/wp\/v2\/posts\/7652\/revisions"}],"predecessor-version":[{"id":7654,"href":"https:\/\/jornaloalvorada.com.br\/site\/wp-json\/wp\/v2\/posts\/7652\/revisions\/7654"}],"wp:featuredmedia":[{"embeddable":true,"href":"https:\/\/jornaloalvorada.com.br\/site\/wp-json\/wp\/v2\/media\/7653"}],"wp:attachment":[{"href":"https:\/\/jornaloalvorada.com.br\/site\/wp-json\/wp\/v2\/media?parent=7652"}],"wp:term":[{"taxonomy":"category","embeddable":true,"href":"https:\/\/jornaloalvorada.com.br\/site\/wp-json\/wp\/v2\/categories?post=7652"},{"taxonomy":"post_tag","embeddable":true,"href":"https:\/\/jornaloalvorada.com.br\/site\/wp-json\/wp\/v2\/tags?post=7652"}],"curies":[{"name":"wp","href":"https:\/\/api.w.org\/{rel}","templated":true}]}}