{"id":7648,"date":"2024-10-09T08:25:59","date_gmt":"2024-10-09T12:25:59","guid":{"rendered":"https:\/\/jornaloalvorada.com.br\/site\/?p=7648"},"modified":"2024-10-09T09:27:09","modified_gmt":"2024-10-09T13:27:09","slug":"inmet-libera-previsao-meteorologica-09-a-14-de-outubro-de-2024","status":"publish","type":"post","link":"https:\/\/jornaloalvorada.com.br\/site\/2024\/10\/09\/inmet-libera-previsao-meteorologica-09-a-14-de-outubro-de-2024\/","title":{"rendered":"Inmet libera previs\u00e3o meteorol\u00f3gica: 09 a 14 de outubro de 2024"},"content":{"rendered":"\n<p>A previs\u00e3o do tempo para a semana de 08 a 14 de outubro de 2024 indica condi\u00e7\u00f5es meteorol\u00f3gicas extremas em diferentes regi\u00f5es do Brasil. As chuvas abundantes no centro-sul contrastam com temperaturas escaldantes e baixa umidade no Centro-Oeste e Norte.<\/p>\n\n\n\n<p>Com temperaturas que podem ultrapassar os 40\u00b0C, o calor ser\u00e1 um dos principais desafios para os habitantes dessas regi\u00f5es. Os \u00edndices de umidade tamb\u00e9m s\u00e3o preocupantes, especialmente no Nordeste, onde a umidade relativa do ar estar\u00e1 abaixo das expectativas.<\/p>\n\n\n\n<h2 class=\"wp-block-heading\">Quais Regi\u00f5es Ser\u00e3o Afetadas pelas Chuvas?<\/h2>\n\n\n\n<p>A Regi\u00e3o Norte do Brasil ser\u00e1 significativamente afetada por pancadas de chuva, resultado de \u00e1reas de instabilidade combinadas com o calor e a alta umidade. A expectativa \u00e9 de que os volumes pluviom\u00e9tricos no noroeste do Amazonas ultrapassem 50 mm ao longo da semana.<\/p>\n\n\n\n<h2 class=\"wp-block-heading\">Detalhes da Previs\u00e3o de Chuva<\/h2>\n\n\n\n<p>Utilizando o modelo num\u00e9rico COSMO do Instituto Nacional de Meteorologia (<a href=\"https:\/\/portal.inmet.gov.br\/\" target=\"_blank\" rel=\"noreferrer noopener\">Inmet<\/a>), a previs\u00e3o indica que certas \u00e1reas podem ver acumula\u00e7\u00f5es de chuva superiores a 100 mm. A Figura 1, n\u00e3o apresentada aqui, representa esses dados com tons vari\u00e1veis de vermelho e rosa.<\/p>\n\n\n\n<figure class=\"wp-block-image\"><img decoding=\"async\" src=\"https:\/\/terrabrasilnoticias.com\/wp-content\/uploads\/2024\/10\/Informativo-semanal-07-a-1410.png\" alt=\"A distribui\u00e7\u00e3o de chuva pelo pa\u00eds segue desregulada essa semana. - Fonte: INMET\"\/><figcaption class=\"wp-element-caption\">A distribui\u00e7\u00e3o de chuva pelo pa\u00eds segue desregulada essa semana. \u2013 Fonte: <a href=\"https:\/\/portal.inmet.gov.br\/\" target=\"_blank\" rel=\"noreferrer noopener\">INMET<\/a><\/figcaption><\/figure>\n\n\n\n<p>Estes altos \u00edndices de precipita\u00e7\u00e3o exigem aten\u00e7\u00e3o redobrada para poss\u00edveis alagamentos e deslizamentos de terra nas \u00e1reas mais vulner\u00e1veis. Vale refor\u00e7ar a import\u00e2ncia da consulta di\u00e1ria \u00e0s atualiza\u00e7\u00f5es meteorol\u00f3gicas fornecidas pelo Inmet.<\/p>\n\n\n\n<p>O Instituto Nacional de Meteorologia (<a href=\"https:\/\/portal.inmet.gov.br\/\" target=\"_blank\" rel=\"noreferrer noopener\">Inmet<\/a>) desempenha um papel crucial na previs\u00e3o do tempo no Brasil. Como parte do Minist\u00e9rio da Agricultura e Pecu\u00e1ria (MAPA), representa o pa\u00eds na Organiza\u00e7\u00e3o Meteorol\u00f3gica Mundial desde 1950.<\/p>\n\n\n\n<p><strong><em>Fonte: Terra Brasil Not\u00edcias<\/em><\/strong><\/p>\n","protected":false},"excerpt":{"rendered":"<p>A previs\u00e3o do tempo para a semana de 08 a 14 de outubro de 2024 indica condi\u00e7\u00f5es meteorol\u00f3gicas extremas em<\/p>\n","protected":false},"author":1,"featured_media":7649,"comment_status":"open","ping_status":"open","sticky":false,"template":"","format":"standard","meta":{"footnotes":""},"categories":[2],"tags":[],"class_list":["post-7648","post","type-post","status-publish","format-standard","has-post-thumbnail","hentry","category-noticias"],"_links":{"self":[{"href":"https:\/\/jornaloalvorada.com.br\/site\/wp-json\/wp\/v2\/posts\/7648","targetHints":{"allow":["GET"]}}],"collection":[{"href":"https:\/\/jornaloalvorada.com.br\/site\/wp-json\/wp\/v2\/posts"}],"about":[{"href":"https:\/\/jornaloalvorada.com.br\/site\/wp-json\/wp\/v2\/types\/post"}],"author":[{"embeddable":true,"href":"https:\/\/jornaloalvorada.com.br\/site\/wp-json\/wp\/v2\/users\/1"}],"replies":[{"embeddable":true,"href":"https:\/\/jornaloalvorada.com.br\/site\/wp-json\/wp\/v2\/comments?post=7648"}],"version-history":[{"count":1,"href":"https:\/\/jornaloalvorada.com.br\/site\/wp-json\/wp\/v2\/posts\/7648\/revisions"}],"predecessor-version":[{"id":7650,"href":"https:\/\/jornaloalvorada.com.br\/site\/wp-json\/wp\/v2\/posts\/7648\/revisions\/7650"}],"wp:featuredmedia":[{"embeddable":true,"href":"https:\/\/jornaloalvorada.com.br\/site\/wp-json\/wp\/v2\/media\/7649"}],"wp:attachment":[{"href":"https:\/\/jornaloalvorada.com.br\/site\/wp-json\/wp\/v2\/media?parent=7648"}],"wp:term":[{"taxonomy":"category","embeddable":true,"href":"https:\/\/jornaloalvorada.com.br\/site\/wp-json\/wp\/v2\/categories?post=7648"},{"taxonomy":"post_tag","embeddable":true,"href":"https:\/\/jornaloalvorada.com.br\/site\/wp-json\/wp\/v2\/tags?post=7648"}],"curies":[{"name":"wp","href":"https:\/\/api.w.org\/{rel}","templated":true}]}}