{"id":7641,"date":"2024-10-08T13:57:38","date_gmt":"2024-10-08T17:57:38","guid":{"rendered":"https:\/\/jornaloalvorada.com.br\/site\/?p=7641"},"modified":"2024-10-08T13:57:41","modified_gmt":"2024-10-08T17:57:41","slug":"feriados-em-outubro-veja-as-datas-e-quem-tem-direito-a-folga","status":"publish","type":"post","link":"https:\/\/jornaloalvorada.com.br\/site\/2024\/10\/08\/feriados-em-outubro-veja-as-datas-e-quem-tem-direito-a-folga\/","title":{"rendered":"Feriados em outubro: veja as datas e quem tem direito \u00e0 folga"},"content":{"rendered":"\n<p>O m\u00eas de outubro \u00e9 bastante significativo no calend\u00e1rio brasileiro, marcado por celebra\u00e7\u00f5es e datas importantes. Dentre as datas comemorativas, destaca-se o <a href=\"https:\/\/terrabrasilnoticias.com\/2024\/10\/feriado-de-11-de-outubro-anima-o-fim-de-ano-dos-brasileiros-veja-a-lista-completa-ate-o-final-de-2024\/\" target=\"_blank\" rel=\"noreferrer noopener\">feriado <\/a>de Nossa Senhora Aparecida, padroeira do Brasil, que acontece no dia 12 de outubro. Essa data tamb\u00e9m celebra o Dia das Crian\u00e7as, transformando o per\u00edodo em uma ocasi\u00e3o especial para diversas fam\u00edlias ao redor do pa\u00eds.<\/p>\n\n\n\n<p>Al\u00e9m do feriado nacional, outubro reserva diversas outras datas de import\u00e2ncia social e cultural. O Dia do Professor, celebrado em 15 de outubro, \u00e9 outra data de destaque, reconhecendo o papel fundamental dos educadores na sociedade. Este texto explora cada uma dessas datas, suas origens e significados, proporcionando uma vis\u00e3o ampla do calend\u00e1rio de outubro de 2024.<\/p>\n\n\n\n<h2 class=\"wp-block-heading\">Por que o dia 12 de outubro \u00e9 feriado nacional?<\/h2>\n\n\n\n<figure class=\"wp-block-image\"><img decoding=\"async\" src=\"https:\/\/terrabrasilnoticias.com\/wp-content\/uploads\/2024\/09\/01-416-1024x576.jpg\" alt=\"Feriados em outubro: veja as datas e quem tem direito \u00e0 folga\"\/><figcaption class=\"wp-element-caption\">Cr\u00e9ditos: depositphotos.com \/ haveseen<\/figcaption><\/figure>\n\n\n\n<p>O dia 12 de outubro \u00e9 um feriado nacional em homenagem a Nossa Senhora Aparecida, a santa padroeira do Brasil. De acordo com a tradi\u00e7\u00e3o cat\u00f3lica, a imagem da santa foi encontrada por pescadores no rio Para\u00edba do Sul em 1717 e, desde ent\u00e3o, tornou-se um s\u00edmbolo de f\u00e9 para milh\u00f5es de brasileiros. Para muitos, a data \u00e9 um momento de reflex\u00e3o e celebra\u00e7\u00e3o da religiosidade.<\/p>\n\n\n\n<h2 class=\"wp-block-heading\">Datas comemorativas importantes de outubro<\/h2>\n\n\n\n<ul class=\"wp-block-list\">\n<li><strong>1 de outubro<\/strong>: Dia Internacional da M\u00fasica e Dia do Idoso<\/li>\n\n\n\n<li><strong>3 de outubro<\/strong>: Dia Mundial do Dentista<\/li>\n\n\n\n<li><strong>4 de outubro<\/strong>: Dia da Natureza<\/li>\n\n\n\n<li><strong>9 de outubro<\/strong>: Dia do Atletismo<\/li>\n\n\n\n<li><strong>11 de outubro<\/strong>: Funda\u00e7\u00e3o do Mato Grosso do Sul<\/li>\n\n\n\n<li><strong>12 de outubro<\/strong>: Dia das Crian\u00e7as e Dia de Nossa Senhora Aparecida (feriado)<\/li>\n\n\n\n<li><strong>13 de outubro<\/strong>: Dia Nacional do Fisioterapeuta e do Terapeuta Ocupacional<\/li>\n\n\n\n<li><strong>15 de outubro<\/strong>: Dia do Professor<\/li>\n\n\n\n<li><strong>16 de outubro<\/strong>: Dia Mundial da Alimenta\u00e7\u00e3o<\/li>\n\n\n\n<li><strong>17 de outubro<\/strong>: Dia Nacional da Vacina\u00e7\u00e3o<\/li>\n\n\n\n<li><strong>18 de outubro<\/strong>: Dia do M\u00e9dico<\/li>\n\n\n\n<li><strong>23 de outubro<\/strong>: Dia da For\u00e7a A\u00e9rea Brasileira<\/li>\n\n\n\n<li><strong>24 de outubro<\/strong>: Dia da ONU<\/li>\n\n\n\n<li><strong>25 de outubro<\/strong>: Dia Internacional contra a Explora\u00e7\u00e3o da Mulher<\/li>\n\n\n\n<li><strong>29 de outubro<\/strong>: Dia Nacional do Livro<\/li>\n\n\n\n<li><strong>28 de outubro<\/strong>: Dia do Servidor P\u00fablico<\/li>\n\n\n\n<li><strong>31 de outubro<\/strong>: Dia Nacional da Poesia<\/li>\n<\/ul>\n\n\n\n<h2 class=\"wp-block-heading\">Qual a import\u00e2ncia do Dia do Professor?<\/h2>\n\n\n\n<p>O Dia do Professor, celebrado em 15 de outubro, \u00e9 uma data crucial no calend\u00e1rio escolar brasileiro. Essa data \u00e9 dedicada a homenagear os educadores, reconhecendo seu papel indispens\u00e1vel na forma\u00e7\u00e3o das futuras gera\u00e7\u00f5es. Os professores s\u00e3o, em muitos casos, os guias que ajudam a construir e moldar o conhecimento, habilidades e valores nos estudantes, estendendo sua influ\u00eancia ao longo de suas vidas.<\/p>\n\n\n\n<p>Datas comemorativas como o Dia de Nossa Senhora Aparecida e o Dia do Professor s\u00e3o mais do que simples anota\u00e7\u00f5es no calend\u00e1rio; elas s\u00e3o momentos que oferecem oportunidades para reflex\u00e3o e celebra\u00e7\u00e3o. Enquanto algumas conectam-se com tradi\u00e7\u00f5es religiosas e culturais do Brasil, outras refor\u00e7am a import\u00e2ncia de profiss\u00f5es e eventos que moldaram o pa\u00eds que conhecemos hoje. Cada uma dessas datas ajuda a fortalecer o tecido social e cultural, promovendo la\u00e7os de identidade e pertencimento entre os brasileiros.<\/p>\n\n\n\n<p><strong><em>Fonte: Terra Brasil Not\u00edcias<\/em><\/strong><\/p>\n","protected":false},"excerpt":{"rendered":"<p>O m\u00eas de outubro \u00e9 bastante significativo no calend\u00e1rio brasileiro, marcado por celebra\u00e7\u00f5es e datas importantes. Dentre as datas comemorativas,<\/p>\n","protected":false},"author":1,"featured_media":7642,"comment_status":"open","ping_status":"open","sticky":false,"template":"","format":"standard","meta":{"footnotes":""},"categories":[3],"tags":[],"class_list":["post-7641","post","type-post","status-publish","format-standard","has-post-thumbnail","hentry","category-social"],"_links":{"self":[{"href":"https:\/\/jornaloalvorada.com.br\/site\/wp-json\/wp\/v2\/posts\/7641","targetHints":{"allow":["GET"]}}],"collection":[{"href":"https:\/\/jornaloalvorada.com.br\/site\/wp-json\/wp\/v2\/posts"}],"about":[{"href":"https:\/\/jornaloalvorada.com.br\/site\/wp-json\/wp\/v2\/types\/post"}],"author":[{"embeddable":true,"href":"https:\/\/jornaloalvorada.com.br\/site\/wp-json\/wp\/v2\/users\/1"}],"replies":[{"embeddable":true,"href":"https:\/\/jornaloalvorada.com.br\/site\/wp-json\/wp\/v2\/comments?post=7641"}],"version-history":[{"count":1,"href":"https:\/\/jornaloalvorada.com.br\/site\/wp-json\/wp\/v2\/posts\/7641\/revisions"}],"predecessor-version":[{"id":7643,"href":"https:\/\/jornaloalvorada.com.br\/site\/wp-json\/wp\/v2\/posts\/7641\/revisions\/7643"}],"wp:featuredmedia":[{"embeddable":true,"href":"https:\/\/jornaloalvorada.com.br\/site\/wp-json\/wp\/v2\/media\/7642"}],"wp:attachment":[{"href":"https:\/\/jornaloalvorada.com.br\/site\/wp-json\/wp\/v2\/media?parent=7641"}],"wp:term":[{"taxonomy":"category","embeddable":true,"href":"https:\/\/jornaloalvorada.com.br\/site\/wp-json\/wp\/v2\/categories?post=7641"},{"taxonomy":"post_tag","embeddable":true,"href":"https:\/\/jornaloalvorada.com.br\/site\/wp-json\/wp\/v2\/tags?post=7641"}],"curies":[{"name":"wp","href":"https:\/\/api.w.org\/{rel}","templated":true}]}}