{"id":7638,"date":"2024-10-08T13:54:16","date_gmt":"2024-10-08T17:54:16","guid":{"rendered":"https:\/\/jornaloalvorada.com.br\/site\/?p=7638"},"modified":"2024-10-08T13:54:19","modified_gmt":"2024-10-08T17:54:19","slug":"horario-de-verao-possivel-retorno-afetara-funcionamento-de-bancos-e-servicos-publicos-veja-as-mudancas","status":"publish","type":"post","link":"https:\/\/jornaloalvorada.com.br\/site\/2024\/10\/08\/horario-de-verao-possivel-retorno-afetara-funcionamento-de-bancos-e-servicos-publicos-veja-as-mudancas\/","title":{"rendered":"Hor\u00e1rio de ver\u00e3o: poss\u00edvel retorno afetar\u00e1 funcionamento de bancos e servi\u00e7os p\u00fablicos; veja as mudan\u00e7as"},"content":{"rendered":"\n<p>O Brasil est\u00e1 enfrentando desafios significativos relacionados \u00e0 crise h\u00eddrica, considerada a pior em 70 anos. Em meio a esse cen\u00e1rio, o hor\u00e1rio de ver\u00e3o, que havia sido extinto em 2019, pode estar prestes a retornar. O <a href=\"https:\/\/terrabrasilnoticias.com\/2024\/10\/governo-lanca-programa-de-saque-de-r-3-000-pelo-caixa-tem\/\" target=\"_blank\" rel=\"noreferrer noopener\">Governo <\/a>Federal deve anunciar a decis\u00e3o ainda neste m\u00eas de outubro de 2024. Por\u00e9m, essa poss\u00edvel mudan\u00e7a tem gerado muitas d\u00favidas entre os brasileiros, especialmente sobre como afetar\u00e1 o funcionamento de bancos e servi\u00e7os p\u00fablicos.<\/p>\n\n\n\n<p>Yasmin Nascimento, uma especialista em efici\u00eancia energ\u00e9tica, compartilhou suas opini\u00f5es sobre o retorno do hor\u00e1rio de ver\u00e3o. Vamos explorar mais sobre como essa medida funciona e quais ser\u00e3o os poss\u00edveis impactos em diferentes regi\u00f5es do Brasil. Tamb\u00e9m analisaremos as perspectivas de economizar energia e os efeitos no cotidiano dos cidad\u00e3os.<\/p>\n\n\n\n<h2 class=\"wp-block-heading\">O Que \u00e9 o Hor\u00e1rio de Ver\u00e3o e Como Funciona?<\/h2>\n\n\n\n<figure class=\"wp-block-image\"><img decoding=\"async\" src=\"https:\/\/terrabrasilnoticias.com\/wp-content\/uploads\/2024\/10\/01-173-1024x576.jpg\" alt=\"Hor\u00e1rio de ver\u00e3o: poss\u00edvel retorno afetar\u00e1 funcionamento de bancos e servi\u00e7os p\u00fablicos; veja as mudan\u00e7as\"\/><figcaption class=\"wp-element-caption\">Cr\u00e9ditos: depositphotos.com \/ usamedeniz<\/figcaption><\/figure>\n\n\n\n<p>O hor\u00e1rio de ver\u00e3o \u00e9 uma pr\u00e1tica adotada com o intuito de economizar energia el\u00e9trica, fazendo com que os rel\u00f3gios sejam adiantados em uma hora durante um determinado per\u00edodo do ano. Isso permite um melhor aproveitamento da luz natural, reduzindo o consumo de energia el\u00e9trica em hor\u00e1rios de pico.<\/p>\n\n\n\n<p>No Brasil, o hor\u00e1rio de ver\u00e3o tem in\u00edcio \u00e0 meia-noite da data determinada, quando os rel\u00f3gios s\u00e3o adiantados em uma hora. Ele termina tamb\u00e9m \u00e0 meia-noite, mas com o ajuste dos rel\u00f3gios uma hora para tr\u00e1s. Embora a pr\u00e1tica seja aplicada principalmente nas regi\u00f5es do sul, sudeste e centro-oeste do pa\u00eds, nem todos os estados adotam a medida.<\/p>\n\n\n\n<h2 class=\"wp-block-heading\">Quais Estados Devem Adotar o Hor\u00e1rio de Ver\u00e3o em 2024?<\/h2>\n\n\n\n<p>Se o Governo Federal decidir reinstaurar o hor\u00e1rio de ver\u00e3o em 2024, os estados que tradicionalmente participam da mudan\u00e7a s\u00e3o:<\/p>\n\n\n\n<ul class=\"wp-block-list\">\n<li>Rio Grande do Sul<\/li>\n\n\n\n<li>Santa Catarina<\/li>\n\n\n\n<li>Paran\u00e1<\/li>\n\n\n\n<li>S\u00e3o Paulo<\/li>\n\n\n\n<li>Rio de Janeiro<\/li>\n\n\n\n<li>Esp\u00edrito Santo<\/li>\n\n\n\n<li>Minas Gerais<\/li>\n\n\n\n<li>Goi\u00e1s<\/li>\n\n\n\n<li>Mato Grosso<\/li>\n\n\n\n<li>Mato Grosso do Sul<\/li>\n\n\n\n<li>Distrito Federal<\/li>\n<\/ul>\n\n\n\n<h2 class=\"wp-block-heading\">Hor\u00e1rio de Ver\u00e3o em 2024: Bancos e Servi\u00e7os P\u00fablicos Ser\u00e3o Afetados?<\/h2>\n\n\n\n<p>Laura Alvarenga, especialista em economia de recursos, afirma que o retorno do hor\u00e1rio de ver\u00e3o poder\u00e1 impactar o funcionamento de ag\u00eancias banc\u00e1rias nas regi\u00f5es onde a medida for aplicada. O hor\u00e1rio de atendimento ao p\u00fablico pode ser alterado, com abertura e fechamento ocorrendo uma hora mais cedo do que o habitual, que atualmente \u00e9 das 10h \u00e0s 16h, de segunda a sexta-feira.<\/p>\n\n\n\n<p>Os servi\u00e7os p\u00fablicos, como prefeituras, departamentos de tr\u00e2nsito e postos de atendimento ao cidad\u00e3o, tamb\u00e9m devem ajustar seus hor\u00e1rios de funcionamento para se alinharem \u00e0 nova configura\u00e7\u00e3o caso o hor\u00e1rio de ver\u00e3o seja implementado. Isso tudo com o objetivo de otimizar o atendimento ao p\u00fablico sem gerar confus\u00f5es.<\/p>\n\n\n\n<p>O retorno da medida tem gerado discuss\u00f5es pelas suas consequ\u00eancias no bem-estar da popula\u00e7\u00e3o e na economia de energia. Em tempos de crise h\u00eddrica, qualquer economia no consumo de energia el\u00e9trica \u00e9 bem-vinda. A amplia\u00e7\u00e3o do tempo de luz solar efetiva gera um impacto positivo na gera\u00e7\u00e3o das usinas solares e ajuda no gerenciamento da demanda el\u00e9trica, sobretudo em hor\u00e1rios cr\u00edticos.<\/p>\n\n\n\n<p><strong><em>Fonte: Terra Brasil Not\u00edcias<\/em><\/strong><\/p>\n","protected":false},"excerpt":{"rendered":"<p>O Brasil est\u00e1 enfrentando desafios significativos relacionados \u00e0 crise h\u00eddrica, considerada a pior em 70 anos. Em meio a esse<\/p>\n","protected":false},"author":1,"featured_media":7639,"comment_status":"open","ping_status":"open","sticky":false,"template":"","format":"standard","meta":{"footnotes":""},"categories":[2],"tags":[],"class_list":["post-7638","post","type-post","status-publish","format-standard","has-post-thumbnail","hentry","category-noticias"],"_links":{"self":[{"href":"https:\/\/jornaloalvorada.com.br\/site\/wp-json\/wp\/v2\/posts\/7638","targetHints":{"allow":["GET"]}}],"collection":[{"href":"https:\/\/jornaloalvorada.com.br\/site\/wp-json\/wp\/v2\/posts"}],"about":[{"href":"https:\/\/jornaloalvorada.com.br\/site\/wp-json\/wp\/v2\/types\/post"}],"author":[{"embeddable":true,"href":"https:\/\/jornaloalvorada.com.br\/site\/wp-json\/wp\/v2\/users\/1"}],"replies":[{"embeddable":true,"href":"https:\/\/jornaloalvorada.com.br\/site\/wp-json\/wp\/v2\/comments?post=7638"}],"version-history":[{"count":1,"href":"https:\/\/jornaloalvorada.com.br\/site\/wp-json\/wp\/v2\/posts\/7638\/revisions"}],"predecessor-version":[{"id":7640,"href":"https:\/\/jornaloalvorada.com.br\/site\/wp-json\/wp\/v2\/posts\/7638\/revisions\/7640"}],"wp:featuredmedia":[{"embeddable":true,"href":"https:\/\/jornaloalvorada.com.br\/site\/wp-json\/wp\/v2\/media\/7639"}],"wp:attachment":[{"href":"https:\/\/jornaloalvorada.com.br\/site\/wp-json\/wp\/v2\/media?parent=7638"}],"wp:term":[{"taxonomy":"category","embeddable":true,"href":"https:\/\/jornaloalvorada.com.br\/site\/wp-json\/wp\/v2\/categories?post=7638"},{"taxonomy":"post_tag","embeddable":true,"href":"https:\/\/jornaloalvorada.com.br\/site\/wp-json\/wp\/v2\/tags?post=7638"}],"curies":[{"name":"wp","href":"https:\/\/api.w.org\/{rel}","templated":true}]}}