{"id":7634,"date":"2024-10-08T13:40:26","date_gmt":"2024-10-08T17:40:26","guid":{"rendered":"https:\/\/jornaloalvorada.com.br\/site\/?p=7634"},"modified":"2024-10-08T13:40:28","modified_gmt":"2024-10-08T17:40:28","slug":"prefeito-perde-eleicao-e-exonera-mais-de-2-mil-funcionarios","status":"publish","type":"post","link":"https:\/\/jornaloalvorada.com.br\/site\/2024\/10\/08\/prefeito-perde-eleicao-e-exonera-mais-de-2-mil-funcionarios\/","title":{"rendered":"Prefeito perde elei\u00e7\u00e3o e exonera mais de 2 mil funcion\u00e1rios"},"content":{"rendered":"\n<p>A capital goiana passa por um momento de transforma\u00e7\u00e3o na gest\u00e3o p\u00fablica. Ap\u00f3s os resultados das elei\u00e7\u00f5es de 2024, o atual prefeito de Goi\u00e2nia, Rog\u00e9rio Cruz, do partido Solidariedade, tomou uma decis\u00e3o que deixou muitos surpresos: a exonera\u00e7\u00e3o de cerca de dois mil servidores comissionados e ocupantes de fun\u00e7\u00f5es de confian\u00e7a. Essa medida foi formalizada no Di\u00e1rio Oficial do Munic\u00edpio em 8 de outubro de 2024, dando in\u00edcio a uma nova fase para a administra\u00e7\u00e3o municipal.<\/p>\n\n\n\n<p>A iniciativa, segundo a prefeitura, faz parte de uma estrat\u00e9gia maior de reorganiza\u00e7\u00e3o da m\u00e1quina p\u00fablica, necess\u00e1ria nos \u00faltimos meses do mandato do prefeito Rog\u00e9rio Cruz. Com a derrota nas urnas no \u00faltimo domingo, onde obteve apenas 21.616 votos, o correspondente a 3,14% dos votos v\u00e1lidos, Cruz se viu em uma situa\u00e7\u00e3o desafiadora para cumprir as metas espec\u00edficas estabelecidas para o final de sua gest\u00e3o.<\/p>\n\n\n\n<h2 class=\"wp-block-heading\">Por que a Exonera\u00e7\u00e3o dos Funcion\u00e1rios comissionados?<\/h2>\n\n\n\n<p>A principal raz\u00e3o para a exonera\u00e7\u00e3o em massa \u00e9 a necessidade de reorganizar as finan\u00e7as municipais. De acordo com a nota oficial emitida pela Prefeitura de Goi\u00e2nia, essa a\u00e7\u00e3o \u00e9 essencial para assegurar que as metas fiscais sejam alcan\u00e7adas e para manter a sa\u00fade financeira do munic\u00edpio at\u00e9 o fechamento do ano fiscal. A administra\u00e7\u00e3o enfatiza que essa \u00e9 uma pr\u00e1tica comum em per\u00edodos de transi\u00e7\u00e3o de governo, ainda mais quando h\u00e1 necessidade de ajustar as contas p\u00fablicas.<\/p>\n\n\n\n<p>Al\u00e9m disso, outra justificativa apresentada \u00e9 a busca por aumentar a efici\u00eancia e a efic\u00e1cia da m\u00e1quina p\u00fablica. Neste momento delicado de transi\u00e7\u00e3o, ajustar a estrutura administrativa \u00e9 considerado crucial para preparar o terreno para a pr\u00f3xima gest\u00e3o, que assumir\u00e1 2025.<\/p>\n\n\n\n<h2 class=\"wp-block-heading\">Como a Comunidade Local Est\u00e1 Reagindo?<\/h2>\n\n\n\n<p>A decis\u00e3o de exonerar tantos funcion\u00e1rios de confian\u00e7a gerou diversas rea\u00e7\u00f5es na comunidade local e entre os servidores afetados. Enquanto alguns entendem as raz\u00f5es apresentadas pela prefeitura, h\u00e1 quem critique a medida, citando o impacto social e econ\u00f4mico que essa decis\u00e3o pode ter sobre os funcion\u00e1rios e suas fam\u00edlias.<\/p>\n\n\n\n<h3 class=\"wp-block-heading\">Discuss\u00f5es nas Redes Sociais<\/h3>\n\n\n\n<p>Nas redes sociais, o assunto foi amplamente debatido. Alguns moradores de Goi\u00e2nia expressaram apoio \u00e0 decis\u00e3o, acreditando que ajustes como esse s\u00e3o necess\u00e1rios para corrigir poss\u00edveis excessos administrativos. Outros, no entanto, manifestaram preocupa\u00e7\u00e3o com a perda de empregos e a consequente diminui\u00e7\u00e3o da renda para muitas fam\u00edlias que dependem dos cargos comissionados para seu sustento.<\/p>\n\n\n\n<h2 class=\"wp-block-heading\">Quais Ser\u00e3o os Pr\u00f3ximos Passos da Administra\u00e7\u00e3o Municipal?<\/h2>\n\n\n\n<p>Com a exonera\u00e7\u00e3o dos funcion\u00e1rios, a Prefeitura de Goi\u00e2nia se comprometeu a continuar trabalhando para garantir a transi\u00e7\u00e3o suave e respons\u00e1vel para a pr\u00f3xima administra\u00e7\u00e3o. Est\u00e3o sendo realizados esfor\u00e7os para assegurar que os servi\u00e7os essenciais \u00e0 popula\u00e7\u00e3o sigam sem interrup\u00e7\u00e3o e que os programas municipais em andamento n\u00e3o sejam afetados negativamente.<\/p>\n\n\n\n<ul class=\"wp-block-list\">\n<li>Garantir que setores cr\u00edticos permanecem operacionais.<\/li>\n\n\n\n<li>Redefinir prioridades pol\u00edticas e administrativas.<\/li>\n\n\n\n<li>Comunicar com clareza os ajustes e metas para a sociedade.<\/li>\n<\/ul>\n\n\n\n<p>O futuro da gest\u00e3o municipal em Goi\u00e2nia depender\u00e1 de como tais mudan\u00e7as ser\u00e3o implementadas, assim como do planejamento estrat\u00e9gico que a equipe de transi\u00e7\u00e3o adotar para lidar com os desafios financeiros e administrativos deste final de governo.<\/p>\n\n\n\n<h2 class=\"wp-block-heading\">Conclus\u00e3o<\/h2>\n\n\n\n<p>A reorganiza\u00e7\u00e3o na prefeitura de Goi\u00e2nia marca um cap\u00edtulo significativo no cen\u00e1rio pol\u00edtico local. Resta observar como essas altera\u00e7\u00f5es influenciar\u00e3o o ambiente pol\u00edtico e econ\u00f4mico da cidade, bem como a qualidade dos servi\u00e7os p\u00fablicos prestados aos cidad\u00e3os de Goi\u00e2nia nos pr\u00f3ximos meses. O que se espera agora \u00e9 que a reorganiza\u00e7\u00e3o traga resultados positivos para a cidade, permitindo um novo impulso de desenvolvimento para o pr\u00f3ximo ciclo administrativo.<\/p>\n\n\n\n<p><strong><em>Fonte: Terra Brasil Not\u00edcias<\/em><\/strong><\/p>\n","protected":false},"excerpt":{"rendered":"<p>A capital goiana passa por um momento de transforma\u00e7\u00e3o na gest\u00e3o p\u00fablica. Ap\u00f3s os resultados das elei\u00e7\u00f5es de 2024, o<\/p>\n","protected":false},"author":1,"featured_media":7635,"comment_status":"open","ping_status":"open","sticky":false,"template":"","format":"standard","meta":{"footnotes":""},"categories":[2],"tags":[],"class_list":["post-7634","post","type-post","status-publish","format-standard","has-post-thumbnail","hentry","category-noticias"],"_links":{"self":[{"href":"https:\/\/jornaloalvorada.com.br\/site\/wp-json\/wp\/v2\/posts\/7634","targetHints":{"allow":["GET"]}}],"collection":[{"href":"https:\/\/jornaloalvorada.com.br\/site\/wp-json\/wp\/v2\/posts"}],"about":[{"href":"https:\/\/jornaloalvorada.com.br\/site\/wp-json\/wp\/v2\/types\/post"}],"author":[{"embeddable":true,"href":"https:\/\/jornaloalvorada.com.br\/site\/wp-json\/wp\/v2\/users\/1"}],"replies":[{"embeddable":true,"href":"https:\/\/jornaloalvorada.com.br\/site\/wp-json\/wp\/v2\/comments?post=7634"}],"version-history":[{"count":1,"href":"https:\/\/jornaloalvorada.com.br\/site\/wp-json\/wp\/v2\/posts\/7634\/revisions"}],"predecessor-version":[{"id":7636,"href":"https:\/\/jornaloalvorada.com.br\/site\/wp-json\/wp\/v2\/posts\/7634\/revisions\/7636"}],"wp:featuredmedia":[{"embeddable":true,"href":"https:\/\/jornaloalvorada.com.br\/site\/wp-json\/wp\/v2\/media\/7635"}],"wp:attachment":[{"href":"https:\/\/jornaloalvorada.com.br\/site\/wp-json\/wp\/v2\/media?parent=7634"}],"wp:term":[{"taxonomy":"category","embeddable":true,"href":"https:\/\/jornaloalvorada.com.br\/site\/wp-json\/wp\/v2\/categories?post=7634"},{"taxonomy":"post_tag","embeddable":true,"href":"https:\/\/jornaloalvorada.com.br\/site\/wp-json\/wp\/v2\/tags?post=7634"}],"curies":[{"name":"wp","href":"https:\/\/api.w.org\/{rel}","templated":true}]}}