{"id":7627,"date":"2024-10-07T15:48:12","date_gmt":"2024-10-07T19:48:12","guid":{"rendered":"https:\/\/jornaloalvorada.com.br\/site\/?p=7627"},"modified":"2024-10-07T15:48:14","modified_gmt":"2024-10-07T19:48:14","slug":"confira-a-previsao-do-tempo-para-esta-semana-que-promete-chuvas","status":"publish","type":"post","link":"https:\/\/jornaloalvorada.com.br\/site\/2024\/10\/07\/confira-a-previsao-do-tempo-para-esta-semana-que-promete-chuvas\/","title":{"rendered":"Confira a previs\u00e3o do tempo para esta semana que promete chuvas!"},"content":{"rendered":"\n<p>O m\u00eas de outubro de 2024 come\u00e7a com eventos clim\u00e1ticos marcantes em todo o Brasil, demandando aten\u00e7\u00e3o redobrada dos brasileiros, especialmente das comunidades agr\u00edcolas. A semana se desenrola com uma combina\u00e7\u00e3o de chuvas intensas, ventos fortes e temperaturas elevadas, caracter\u00edsticas t\u00edpicas da primavera brasileira. Entenderemos o que esperar de cada regi\u00e3o nos pr\u00f3ximos dias.<\/p>\n\n\n\n<ol class=\"wp-block-list\">\n<li><strong>Sul:<\/strong> Precipita\u00e7\u00f5es intensas e ventania persistente.<\/li>\n\n\n\n<li><strong>Sudeste:<\/strong> Nebulosidade em alta com expectativas de chuva.<\/li>\n\n\n\n<li><strong>Centro-Oeste:<\/strong> Pancadas de chuva localizadas.<\/li>\n\n\n\n<li><strong>Nordeste:<\/strong> Clima seco predominante com chuvas localizadas.<\/li>\n\n\n\n<li><strong>Norte:<\/strong> Trovoadas e chuvas frequentes.<\/li>\n<\/ol>\n\n\n\n<h2 class=\"wp-block-heading\">Previs\u00e3o do Tempo para o Sul do Brasil<\/h2>\n\n\n\n<p>No Sul do pa\u00eds, a semana inicia com chuvas esparsas no norte do Rio Grande do Sul e em regi\u00f5es de Santa Catarina e Paran\u00e1. A chegada de uma frente fria est\u00e1 prevista para ocorrer at\u00e9 quarta-feira, trazendo consigo tempestades intensas e ventanias com rajadas que podem ultrapassar os 100 km\/h. Essas condi\u00e7\u00f5es representam potenciais riscos para as atividades agr\u00edcolas e estruturas, al\u00e9m de causar alagamentos.<\/p>\n\n\n\n<p>Os <strong>acumulados de chuva <\/strong>devem variar entre<strong> 100 e 150 mm<\/strong>, o que poder\u00e1 atrasar colheitas e plantios, al\u00e9m de aumentar o risco de deslizamentos em \u00e1reas propensas, especialmente no Rio Grande do Sul e Santa Catarina.<\/p>\n\n\n\n<h2 class=\"wp-block-heading\">Quais as Previs\u00f5es para o Sudeste?<\/h2>\n\n\n\n<p>A regi\u00e3o Sudeste enfrenta uma semana com c\u00e9u mais carregado, principalmente no sul e litoral de S\u00e3o Paulo. Apesar disso, a previs\u00e3o de chuvas se intensifica a partir da quarta-feira com a chegada de uma frente fria que promete aumentar a umidade e criar condi\u00e7\u00f5es para precipita\u00e7\u00f5es significativas de 40 a 60 mm. Esses volumes poder\u00e3o auxiliar na recupera\u00e7\u00e3o de pastagens e na redu\u00e7\u00e3o de temperaturas.<\/p>\n\n\n\n<p>Para os produtores rurais, a aten\u00e7\u00e3o deve ser redobrada devido \u00e0 amea\u00e7a de granizo e ventos fortes, os quais podem causar estragos nas lavouras e estruturas agr\u00edcolas.<\/p>\n\n\n\n<h2 class=\"wp-block-heading\">Tend\u00eancias Clim\u00e1ticas no Centro-Oeste<\/h2>\n\n\n\n<p>O Centro-Oeste brasileiro experimenta um clima vari\u00e1vel nesta semana. Enquanto Mato Grosso ter\u00e1 pancadas de chuva devido \u00e0 umidade vinda do Norte, regi\u00f5es como Goi\u00e1s e o Distrito Federal enfrentar\u00e3o um tempo mais seco. Entre quarta-feira e sexta-feira, a expectativa \u00e9 de temporais localizados que podem vir acompanhados de granizo, principalmente no noroeste do Mato Grosso.<\/p>\n\n\n\n<p>Os acumulados de chuva esperados s\u00e3o entre 25 e 40 mm, o que poder\u00e1 ajudar a combater a baixa umidade e preparar o solo para a semeadura prevista para a safra 2024\/2025.<\/p>\n\n\n\n<h2 class=\"wp-block-heading\">Nordeste e Norte: Diferen\u00e7as Clim\u00e1ticas Marcantes<\/h2>\n\n\n\n<p>No Nordeste, as condi\u00e7\u00f5es clim\u00e1ticas s\u00e3o distintas, com chuvas passageiras no litoral baiano, enquanto o interior permanece seco e quente. J\u00e1 o Norte ter\u00e1 um in\u00edcio de semana com chuvas fortes no Acre, Rond\u00f4nia e Amazonas, com possibilidade de trovoadas e ventos fortes. Estas chuvas s\u00e3o importantes para aumentar os n\u00edveis h\u00eddricos do solo e reduzir os riscos de queimadas.<\/p>\n\n\n\n<ul class=\"wp-block-list\">\n<li>Produtores devem evitar o uso de fogo devido \u00e0 baixa umidade no interior nordestino.<\/li>\n\n\n\n<li>No Norte, os cuidados se voltam para a preven\u00e7\u00e3o de enchentes e danos \u00e0s estruturas.<\/li>\n<\/ul>\n\n\n\n<p>A previs\u00e3o clim\u00e1tica para esta semana no Brasil ressalta a necessidade de prepara-se para diversas condi\u00e7\u00f5es, com \u00eanfase em seguran\u00e7a e preven\u00e7\u00e3o de danos perante chuvas intensas e ventanias.<\/p>\n\n\n\n<p><strong><em>Fonte: Ag\u00eancia Brasil<\/em><\/strong><\/p>\n","protected":false},"excerpt":{"rendered":"<p>O m\u00eas de outubro de 2024 come\u00e7a com eventos clim\u00e1ticos marcantes em todo o Brasil, demandando aten\u00e7\u00e3o redobrada dos brasileiros,<\/p>\n","protected":false},"author":1,"featured_media":7628,"comment_status":"open","ping_status":"open","sticky":false,"template":"","format":"standard","meta":{"footnotes":""},"categories":[2],"tags":[],"class_list":["post-7627","post","type-post","status-publish","format-standard","has-post-thumbnail","hentry","category-noticias"],"_links":{"self":[{"href":"https:\/\/jornaloalvorada.com.br\/site\/wp-json\/wp\/v2\/posts\/7627","targetHints":{"allow":["GET"]}}],"collection":[{"href":"https:\/\/jornaloalvorada.com.br\/site\/wp-json\/wp\/v2\/posts"}],"about":[{"href":"https:\/\/jornaloalvorada.com.br\/site\/wp-json\/wp\/v2\/types\/post"}],"author":[{"embeddable":true,"href":"https:\/\/jornaloalvorada.com.br\/site\/wp-json\/wp\/v2\/users\/1"}],"replies":[{"embeddable":true,"href":"https:\/\/jornaloalvorada.com.br\/site\/wp-json\/wp\/v2\/comments?post=7627"}],"version-history":[{"count":1,"href":"https:\/\/jornaloalvorada.com.br\/site\/wp-json\/wp\/v2\/posts\/7627\/revisions"}],"predecessor-version":[{"id":7629,"href":"https:\/\/jornaloalvorada.com.br\/site\/wp-json\/wp\/v2\/posts\/7627\/revisions\/7629"}],"wp:featuredmedia":[{"embeddable":true,"href":"https:\/\/jornaloalvorada.com.br\/site\/wp-json\/wp\/v2\/media\/7628"}],"wp:attachment":[{"href":"https:\/\/jornaloalvorada.com.br\/site\/wp-json\/wp\/v2\/media?parent=7627"}],"wp:term":[{"taxonomy":"category","embeddable":true,"href":"https:\/\/jornaloalvorada.com.br\/site\/wp-json\/wp\/v2\/categories?post=7627"},{"taxonomy":"post_tag","embeddable":true,"href":"https:\/\/jornaloalvorada.com.br\/site\/wp-json\/wp\/v2\/tags?post=7627"}],"curies":[{"name":"wp","href":"https:\/\/api.w.org\/{rel}","templated":true}]}}